{"id":1421,"date":"2014-02-14T17:51:29","date_gmt":"2014-02-14T19:51:29","guid":{"rendered":"http:\/\/blog.correios.com.br\/acordocoletivo\/?p=1421"},"modified":"2014-02-14T17:53:24","modified_gmt":"2014-02-14T19:53:24","slug":"plano-de-saude-dos-correios-tem-45-mil-autorizacoes-no-primeiro-mes","status":"publish","type":"post","link":"https:\/\/blog.correios.com.br\/acordocoletivo\/?p=1421","title":{"rendered":"Plano de sa\u00fade dos Correios tem 45 mil autoriza\u00e7\u00f5es no primeiro m\u00eas"},"content":{"rendered":"<p>Cerca de 45 mil autoriza\u00e7\u00f5es foram solicitadas no plano CorreiosSa\u00fade entre 13 de janeiro e 12 de fevereiro, no primeiro m\u00eas de opera\u00e7\u00e3o da Postal Sa\u00fade, caixa de assist\u00eancia e sa\u00fade dos empregados dos Correios. O plano passou a funcionar com sistema totalmente informatizado, j\u00e1 utilizado por 10% de toda a rede de benefici\u00e1rios.<\/p>\n<p>Anita Alves Ferrari, 66 anos, dependente do plano CorreiosSa\u00fade, usou o novo cart\u00e3o, e faz elogios. &#8220;Facilitou a minha vida, porque quando ainda n\u00e3o existia o cart\u00e3o, as minhas filhas, que s\u00e3o empregadas dos Correios, pegavam as guias e levavam para autoriza\u00e7\u00e3o, traziam as guias para mim, e s\u00f3 depois eu podia ir para a consulta. Com o cart\u00e3o foi tudo autom\u00e1tico, na mesma hora. At\u00e9 as atendentes gostaram da novidade&#8221;, disse.<\/p>\n<p>Daniel Alves de Ara\u00fajo, carteiro do Gama, cidade do entorno de Bras\u00edlia\/DF, \u00e9 benefici\u00e1rio da Postal Sa\u00fade. Sua dependente utilizou o cart\u00e3o de identifica\u00e7\u00e3o no Hospital Maria Auxiliadora para consulta de pediatria. Segundo Daniel, com a implanta\u00e7\u00e3o da Postal Sa\u00fade o atendimento com o novo cart\u00e3o foi eficaz e dispensou o uso de guias impressas: \u201cMinha filha usou o cart\u00e3o e o atendimento foi r\u00e1pido\u201d.<\/p>\n<p><strong>Benef\u00edcios \u2014<\/strong> O modelo adotado permite que os benefici\u00e1rios participem do Conselho Deliberativo e Fiscal da caixa de assist\u00eancia. Os benefici\u00e1rios passam a ter poder para atuar diretamente na gest\u00e3o e fiscaliza\u00e7\u00e3o da atua\u00e7\u00e3o da Postal Sa\u00fade, o que n\u00e3o ocorria na modalidade anterior.<\/p>\n<p>O plano CorreiosSa\u00fade continua com as mesmas regras, o que \u00e9 uma garantia para os benefici\u00e1rios. Al\u00e9m disso, resolu\u00e7\u00e3o da Ag\u00eancia Nacional de Sa\u00fade Suplementar (ANS) define que nos casos de transfer\u00eancia de carteira a nova operadora n\u00e3o pode alterar os direitos dos benefici\u00e1rios.<\/p>\n","protected":false},"excerpt":{"rendered":"<p>Cerca de 45 mil autoriza\u00e7\u00f5es foram solicitadas no plano CorreiosSa\u00fade entre 13 de janeiro e 12 de fevereiro, no primeiro m\u00eas de opera\u00e7\u00e3o da Postal Sa\u00fade, caixa de assist\u00eancia e sa\u00fade dos empregados dos Correios. O plano passou a funcionar &hellip; <a href=\"https:\/\/blog.correios.com.br\/acordocoletivo\/?p=1421\">Continue lendo <span class=\"meta-nav\">&rarr;<\/span><\/a><\/p>\n","protected":false},"author":44,"featured_media":0,"comment_status":"open","ping_status":"open","sticky":false,"template":"","format":"standard","meta":{"footnotes":""},"categories":[29],"tags":[42,35,91,34],"class_list":["post-1421","post","type-post","status-publish","format-standard","hentry","category-negociacao-permanente","tag-ans","tag-correiossaude","tag-negociacao-permanente","tag-postal-saude"],"_links":{"self":[{"href":"https:\/\/blog.correios.com.br\/acordocoletivo\/index.php?rest_route=\/wp\/v2\/posts\/1421","targetHints":{"allow":["GET"]}}],"collection":[{"href":"https:\/\/blog.correios.com.br\/acordocoletivo\/index.php?rest_route=\/wp\/v2\/posts"}],"about":[{"href":"https:\/\/blog.correios.com.br\/acordocoletivo\/index.php?rest_route=\/wp\/v2\/types\/post"}],"author":[{"embeddable":true,"href":"https:\/\/blog.correios.com.br\/acordocoletivo\/index.php?rest_route=\/wp\/v2\/users\/44"}],"replies":[{"embeddable":true,"href":"https:\/\/blog.correios.com.br\/acordocoletivo\/index.php?rest_route=%2Fwp%2Fv2%2Fcomments&post=1421"}],"version-history":[{"count":3,"href":"https:\/\/blog.correios.com.br\/acordocoletivo\/index.php?rest_route=\/wp\/v2\/posts\/1421\/revisions"}],"predecessor-version":[{"id":1423,"href":"https:\/\/blog.correios.com.br\/acordocoletivo\/index.php?rest_route=\/wp\/v2\/posts\/1421\/revisions\/1423"}],"wp:attachment":[{"href":"https:\/\/blog.correios.com.br\/acordocoletivo\/index.php?rest_route=%2Fwp%2Fv2%2Fmedia&parent=1421"}],"wp:term":[{"taxonomy":"category","embeddable":true,"href":"https:\/\/blog.correios.com.br\/acordocoletivo\/index.php?rest_route=%2Fwp%2Fv2%2Fcategories&post=1421"},{"taxonomy":"post_tag","embeddable":true,"href":"https:\/\/blog.correios.com.br\/acordocoletivo\/index.php?rest_route=%2Fwp%2Fv2%2Ftags&post=1421"}],"curies":[{"name":"wp","href":"https:\/\/api.w.org\/{rel}","templated":true}]}}