{"id":1489,"date":"2014-03-17T17:26:02","date_gmt":"2014-03-17T20:26:02","guid":{"rendered":"http:\/\/blog.correios.com.br\/acordocoletivo\/?p=1489"},"modified":"2014-03-18T16:40:19","modified_gmt":"2014-03-18T19:40:19","slug":"tst-decide-pela-legalidade-do-pccs-2008","status":"publish","type":"post","link":"https:\/\/blog.correios.com.br\/acordocoletivo\/?p=1489","title":{"rendered":"TST decide pela legalidade do PCCS 2008"},"content":{"rendered":"<p style=\"text-align: left;\" align=\"center\">Os ministros do Tribunal Superior do Trabalho decidiram pela legalidade do PCCS 2008 na tarde desta segunda-feira (17), em raz\u00e3o de a\u00e7\u00e3o do diss\u00eddio revisional do plano ajuizada pela Fentect.<\/p>\n<p style=\"text-align: left;\" align=\"center\">Conforme o pr\u00f3prio TST citou, \u201ca Fentect alegava, de maneira gen\u00e9rica e sem qualquer comprova\u00e7\u00e3o, que cl\u00e1usulas do PCCS 2008 se tornaram injustas ou inaplic\u00e1veis\u201d. No entender da Corte Trabalhista, tratava-se de uma maneira totalmente injustificada de tentar retirar a validade do acordo firmado entre a empresa e a federa\u00e7\u00e3o, por j\u00e1 ter sido julgada e homologada em 2010.<\/p>\n<p style=\"text-align: left;\" align=\"center\">O ministro relator Walmir Oliveira da Costa declarou ser inadequada a a\u00e7\u00e3o devido a tr\u00eas raz\u00f5es: de acordo com a CLT, s\u00f3 \u00e9 cab\u00edvel diss\u00eddio revisional ap\u00f3s um ano de sua vig\u00eancia; se houve comprova\u00e7\u00e3o da injusti\u00e7a das cl\u00e1usulas do acordo anterior ou sua inaplicabilidade; e por ter sido mat\u00e9ria submetida pela pr\u00f3pria Fentect ao Supremo Tribunal Federal, que por sua vez n\u00e3o admitiu o recurso, considerando a legalidade do diss\u00eddio julgado pelo TST em 2008.<\/p>\n<p style=\"text-align: left;\" align=\"center\">Veja <a href=\"https:\/\/blog.correios.com.br\/acordocoletivo\/wp-content\/uploads\/2014\/03\/Certid\u00e3o-de-julgamento-DC-1853-34-2014-5-00-0000.pdf\" target=\"_blank\">aqui<\/a> a certid\u00e3o de julgamento publicada no Di\u00e1rio Eletr\u00f4nico da Justi\u00e7a do Trabalho.<\/p>\n","protected":false},"excerpt":{"rendered":"<p>Os ministros do Tribunal Superior do Trabalho decidiram pela legalidade do PCCS 2008 na tarde desta segunda-feira (17), em raz\u00e3o de a\u00e7\u00e3o do diss\u00eddio revisional do plano ajuizada pela Fentect. Conforme o pr\u00f3prio TST citou, \u201ca Fentect alegava, de maneira &hellip; <a href=\"https:\/\/blog.correios.com.br\/acordocoletivo\/?p=1489\">Continue lendo <span class=\"meta-nav\">&rarr;<\/span><\/a><\/p>\n","protected":false},"author":44,"featured_media":0,"comment_status":"open","ping_status":"open","sticky":false,"template":"","format":"standard","meta":{"footnotes":""},"categories":[29],"tags":[91,31,36],"class_list":["post-1489","post","type-post","status-publish","format-standard","hentry","category-negociacao-permanente","tag-negociacao-permanente","tag-pccs-2008","tag-tst"],"_links":{"self":[{"href":"https:\/\/blog.correios.com.br\/acordocoletivo\/index.php?rest_route=\/wp\/v2\/posts\/1489","targetHints":{"allow":["GET"]}}],"collection":[{"href":"https:\/\/blog.correios.com.br\/acordocoletivo\/index.php?rest_route=\/wp\/v2\/posts"}],"about":[{"href":"https:\/\/blog.correios.com.br\/acordocoletivo\/index.php?rest_route=\/wp\/v2\/types\/post"}],"author":[{"embeddable":true,"href":"https:\/\/blog.correios.com.br\/acordocoletivo\/index.php?rest_route=\/wp\/v2\/users\/44"}],"replies":[{"embeddable":true,"href":"https:\/\/blog.correios.com.br\/acordocoletivo\/index.php?rest_route=%2Fwp%2Fv2%2Fcomments&post=1489"}],"version-history":[{"count":3,"href":"https:\/\/blog.correios.com.br\/acordocoletivo\/index.php?rest_route=\/wp\/v2\/posts\/1489\/revisions"}],"predecessor-version":[{"id":1491,"href":"https:\/\/blog.correios.com.br\/acordocoletivo\/index.php?rest_route=\/wp\/v2\/posts\/1489\/revisions\/1491"}],"wp:attachment":[{"href":"https:\/\/blog.correios.com.br\/acordocoletivo\/index.php?rest_route=%2Fwp%2Fv2%2Fmedia&parent=1489"}],"wp:term":[{"taxonomy":"category","embeddable":true,"href":"https:\/\/blog.correios.com.br\/acordocoletivo\/index.php?rest_route=%2Fwp%2Fv2%2Fcategories&post=1489"},{"taxonomy":"post_tag","embeddable":true,"href":"https:\/\/blog.correios.com.br\/acordocoletivo\/index.php?rest_route=%2Fwp%2Fv2%2Ftags&post=1489"}],"curies":[{"name":"wp","href":"https:\/\/api.w.org\/{rel}","templated":true}]}}