{"id":1545,"date":"2014-05-20T11:20:54","date_gmt":"2014-05-20T14:20:54","guid":{"rendered":"http:\/\/blog.correios.com.br\/acordocoletivo\/?p=1545"},"modified":"2014-05-21T09:44:55","modified_gmt":"2014-05-21T12:44:55","slug":"mesas-tematicas-da-mulher-e-da-equidade-de-genero-e-raca","status":"publish","type":"post","link":"https:\/\/blog.correios.com.br\/acordocoletivo\/?p=1545","title":{"rendered":"Mesas Tem\u00e1ticas da Mulher e da Equidade de Ra\u00e7a"},"content":{"rendered":"<p>No dia 8 de mar\u00e7o de 2014, durante reuni\u00e3o da Mesa Nacional de Negocia\u00e7\u00e3o Permanente \u2013 MNNP-Correios, foi institu\u00edda a Mesa Tem\u00e1tica da Mulher Ecetista que, em seu primeiro encontro, realizado em abril, sugeriu a constitui\u00e7\u00e3o de Mesas Tem\u00e1ticas Regionais, entre outros encaminhamentos. A proposta foi submetida \u00e0 Mesa Nacional e aprovada, resultando em Termo de Acordo, firmado no dia 14 de maio de 2014 entre Correios e representantes das entidades sindicais. Na oportunidade tamb\u00e9m foi assinado o Termo de Acordo que institui a MNNP \u2013 Equidade Racial.<\/p>\n<p>A Mesa Tem\u00e1tica da Mulher re\u00fane-se mensalmente e j\u00e1 deu inicio \u00e0s discuss\u00f5es sobre pauta de reivindica\u00e7\u00f5es referente \u00e0s garantias das Mulheres Ecetistas bem como estudos correlatos para apresenta\u00e7\u00e3o de relat\u00f3rio sobre o tema \u00e0 VIGEP. A MNNP \u2013 Equidade Racial seguir\u00e1 a mesma metodologia.<\/p>\n<p>A negocia\u00e7\u00e3o permanente para tratar especificidades relativas \u00e0s mulheres e \u00e0 etnia amplia ainda mais o desenvolvimento de boas pr\u00e1ticas pelos Correios em rela\u00e7\u00e3o \u00e0 equidade de g\u00eanero e ra\u00e7a.<\/p>\n<p>As mesas tem\u00e1ticas nacionais e regionais s\u00e3o parit\u00e1rias, significando um processo democr\u00e1tico em que representantes da empresa e dos trabalhadores e trabalhadoras tratam sobre dois temas extremamente relevantes para os empregados e empregadas dos Correios e tamb\u00e9m para o desenvolvimento do pa\u00eds, o que n\u00e3o se constitui apenas em compromisso de governo, mas tamb\u00e9m das institui\u00e7\u00f5es. S\u00e3o os Correios caminhando para a equidade de g\u00eanero e de ra\u00e7a.<\/p>\n","protected":false},"excerpt":{"rendered":"<p>No dia 8 de mar\u00e7o de 2014, durante reuni\u00e3o da Mesa Nacional de Negocia\u00e7\u00e3o Permanente \u2013 MNNP-Correios, foi institu\u00edda a Mesa Tem\u00e1tica da Mulher Ecetista que, em seu primeiro encontro, realizado em abril, sugeriu a constitui\u00e7\u00e3o de Mesas Tem\u00e1ticas Regionais, &hellip; <a href=\"https:\/\/blog.correios.com.br\/acordocoletivo\/?p=1545\">Continue lendo <span class=\"meta-nav\">&rarr;<\/span><\/a><\/p>\n","protected":false},"author":44,"featured_media":0,"comment_status":"open","ping_status":"open","sticky":false,"template":"","format":"standard","meta":{"footnotes":""},"categories":[29],"tags":[48,32,91],"class_list":["post-1545","post","type-post","status-publish","format-standard","hentry","category-negociacao-permanente","tag-mesa-tematica","tag-mnnp","tag-negociacao-permanente"],"_links":{"self":[{"href":"https:\/\/blog.correios.com.br\/acordocoletivo\/index.php?rest_route=\/wp\/v2\/posts\/1545","targetHints":{"allow":["GET"]}}],"collection":[{"href":"https:\/\/blog.correios.com.br\/acordocoletivo\/index.php?rest_route=\/wp\/v2\/posts"}],"about":[{"href":"https:\/\/blog.correios.com.br\/acordocoletivo\/index.php?rest_route=\/wp\/v2\/types\/post"}],"author":[{"embeddable":true,"href":"https:\/\/blog.correios.com.br\/acordocoletivo\/index.php?rest_route=\/wp\/v2\/users\/44"}],"replies":[{"embeddable":true,"href":"https:\/\/blog.correios.com.br\/acordocoletivo\/index.php?rest_route=%2Fwp%2Fv2%2Fcomments&post=1545"}],"version-history":[{"count":3,"href":"https:\/\/blog.correios.com.br\/acordocoletivo\/index.php?rest_route=\/wp\/v2\/posts\/1545\/revisions"}],"predecessor-version":[{"id":1547,"href":"https:\/\/blog.correios.com.br\/acordocoletivo\/index.php?rest_route=\/wp\/v2\/posts\/1545\/revisions\/1547"}],"wp:attachment":[{"href":"https:\/\/blog.correios.com.br\/acordocoletivo\/index.php?rest_route=%2Fwp%2Fv2%2Fmedia&parent=1545"}],"wp:term":[{"taxonomy":"category","embeddable":true,"href":"https:\/\/blog.correios.com.br\/acordocoletivo\/index.php?rest_route=%2Fwp%2Fv2%2Fcategories&post=1545"},{"taxonomy":"post_tag","embeddable":true,"href":"https:\/\/blog.correios.com.br\/acordocoletivo\/index.php?rest_route=%2Fwp%2Fv2%2Ftags&post=1545"}],"curies":[{"name":"wp","href":"https:\/\/api.w.org\/{rel}","templated":true}]}}