{"id":1611,"date":"2014-08-28T15:51:42","date_gmt":"2014-08-28T18:51:42","guid":{"rendered":"http:\/\/blog.correios.com.br\/acordocoletivo\/?p=1611"},"modified":"2014-11-05T17:57:07","modified_gmt":"2014-11-05T19:57:07","slug":"saude-do-trabalhador-e-tema-na-mesa-de-negociacoes","status":"publish","type":"post","link":"https:\/\/blog.correios.com.br\/acordocoletivo\/?p=1611","title":{"rendered":"Sa\u00fade do trabalhador \u00e9 tema na mesa de negocia\u00e7\u00f5es"},"content":{"rendered":"<p>Nesta quarta-feira (27), foi realizada mais uma reuni\u00e3o de negocia\u00e7\u00e3o do Acordo Coletivo de Trabalho 2014\/2015 com as representa\u00e7\u00f5es dos trabalhadores.<\/p>\n<p>O assunto debatido entre as representa\u00e7\u00f5es dos Correios e as dos empregados foi a sa\u00fade do trabalhador. A reuni\u00e3o iniciou-se com o tema Acompanhante, com a proposta dos Correios de incluir os dependentes tutelados e curatelados na reda\u00e7\u00e3o da cl\u00e1usula, al\u00e9m do aumento do prazo, para quatro dias, para a entrega de declara\u00e7\u00e3o de acompanhamento m\u00e9dico.<\/p>\n<p>Tamb\u00e9m foram debatidas as cl\u00e1usulas Assist\u00eancia M\u00e9dica\/Hospitalar, Atestado de Sa\u00fade na Demiss\u00e3o, Comiss\u00e3o Interna de Preven\u00e7\u00e3o de Acidentes (CIPA), Empregado Portador do v\u00edrus HIV. A empresa apresentou proposta de duas novas cl\u00e1usulas: preven\u00e7\u00e3o de doen\u00e7as e averigua\u00e7\u00e3o das condi\u00e7\u00f5es de trabalho. Tamb\u00e9m foram levantadas quest\u00f5es sobre o uniforme dos empregados e os utens\u00edlios espec\u00edficos para cada tipo de profissional dentro da empresa. Todas as reivindica\u00e7\u00f5es feitas pelas representa\u00e7\u00f5es dos trabalhadores ser\u00e3o analisadas pela empresa.<\/p>\n<p>Veja a ata da reuni\u00e3o do dia 27\/08\/2014 clicando <a href=\"https:\/\/blog.correios.com.br\/acordocoletivo\/wp-content\/uploads\/2014\/11\/02-Ata-reuni\u00e3o-ACT-2014-2015-Mesa-\u00fanica-27-08-2014.pdf\" target=\"_blank\">AQUI<\/a>.<\/p>\n","protected":false},"excerpt":{"rendered":"<p>Nesta quarta-feira (27), foi realizada mais uma reuni\u00e3o de negocia\u00e7\u00e3o do Acordo Coletivo de Trabalho 2014\/2015 com as representa\u00e7\u00f5es dos trabalhadores. O assunto debatido entre as representa\u00e7\u00f5es dos Correios e as dos empregados foi a sa\u00fade do trabalhador. A reuni\u00e3o &hellip; <a href=\"https:\/\/blog.correios.com.br\/acordocoletivo\/?p=1611\">Continue lendo <span class=\"meta-nav\">&rarr;<\/span><\/a><\/p>\n","protected":false},"author":44,"featured_media":0,"comment_status":"open","ping_status":"open","sticky":false,"template":"","format":"standard","meta":{"footnotes":""},"categories":[29],"tags":[53,46,16],"class_list":["post-1611","post","type-post","status-publish","format-standard","hentry","category-negociacao-permanente","tag-act-20142015","tag-cipa","tag-negociacoes-trabalhistas"],"_links":{"self":[{"href":"https:\/\/blog.correios.com.br\/acordocoletivo\/index.php?rest_route=\/wp\/v2\/posts\/1611","targetHints":{"allow":["GET"]}}],"collection":[{"href":"https:\/\/blog.correios.com.br\/acordocoletivo\/index.php?rest_route=\/wp\/v2\/posts"}],"about":[{"href":"https:\/\/blog.correios.com.br\/acordocoletivo\/index.php?rest_route=\/wp\/v2\/types\/post"}],"author":[{"embeddable":true,"href":"https:\/\/blog.correios.com.br\/acordocoletivo\/index.php?rest_route=\/wp\/v2\/users\/44"}],"replies":[{"embeddable":true,"href":"https:\/\/blog.correios.com.br\/acordocoletivo\/index.php?rest_route=%2Fwp%2Fv2%2Fcomments&post=1611"}],"version-history":[{"count":4,"href":"https:\/\/blog.correios.com.br\/acordocoletivo\/index.php?rest_route=\/wp\/v2\/posts\/1611\/revisions"}],"predecessor-version":[{"id":1675,"href":"https:\/\/blog.correios.com.br\/acordocoletivo\/index.php?rest_route=\/wp\/v2\/posts\/1611\/revisions\/1675"}],"wp:attachment":[{"href":"https:\/\/blog.correios.com.br\/acordocoletivo\/index.php?rest_route=%2Fwp%2Fv2%2Fmedia&parent=1611"}],"wp:term":[{"taxonomy":"category","embeddable":true,"href":"https:\/\/blog.correios.com.br\/acordocoletivo\/index.php?rest_route=%2Fwp%2Fv2%2Fcategories&post=1611"},{"taxonomy":"post_tag","embeddable":true,"href":"https:\/\/blog.correios.com.br\/acordocoletivo\/index.php?rest_route=%2Fwp%2Fv2%2Ftags&post=1611"}],"curies":[{"name":"wp","href":"https:\/\/api.w.org\/{rel}","templated":true}]}}