{"id":1613,"date":"2014-08-29T15:53:28","date_gmt":"2014-08-29T18:53:28","guid":{"rendered":"http:\/\/blog.correios.com.br\/acordocoletivo\/?p=1613"},"modified":"2014-11-05T17:55:44","modified_gmt":"2014-11-05T19:55:44","slug":"condicoes-de-trabalho-sao-discutidas-na-mesa-de-negociacoes","status":"publish","type":"post","link":"https:\/\/blog.correios.com.br\/acordocoletivo\/?p=1613","title":{"rendered":"Condi\u00e7\u00f5es de Trabalho s\u00e3o discutidas na mesa de negocia\u00e7\u00f5es"},"content":{"rendered":"<p>Em continuidade \u00e0s negocia\u00e7\u00f5es do Acordo Coletivo de Trabalho 2014\/2015, a cl\u00e1usula Condi\u00e7\u00f5es de Trabalho foi o tema discutido ontem (28).<\/p>\n<p>Os assuntos foram: Inova\u00e7\u00f5es Tecnol\u00f3gicas, Jornada de Trabalho nas Ag\u00eancias de Correios, Jornada de Trabalho para Trabalhadores em Terminais Computadorizados, Seguran\u00e7a na Empresa e Frota Operacional.<\/p>\n<p>A empresa repassar\u00e1 para as federa\u00e7\u00f5es todos os avan\u00e7os discutidos e constru\u00eddos na mesa de negocia\u00e7\u00e3o.<\/p>\n<p>A assinatura do ACT est\u00e1 condicionada \u00e0 aceita\u00e7\u00e3o de todas as cl\u00e1usulas que est\u00e3o em discuss\u00e3o durante a negocia\u00e7\u00e3o. S\u00e3o elas: Sa\u00fade do Trabalhador, Condi\u00e7\u00f5es de Trabalho, Rela\u00e7\u00f5es Sindicais, Cl\u00e1usulas Sociais, Cl\u00e1usulas de Benef\u00edcios e Cl\u00e1usulas Econ\u00f4micas.<\/p>\n<p>Veja a ATA da reuni\u00e3o do dia 28\/08\/2014:<\/p>\n<p><a href=\"https:\/\/blog.correios.com.br\/acordocoletivo\/wp-content\/uploads\/2014\/11\/03-Ata-reuni\u00e3o-ACT-2014-2015-Mesa-\u00fanica-28-08-2014.pdf\" target=\"_blank\">ATA \u2013 MESA \u00daNICA \u2013 FENTECT \u2013 FINDECT<\/a><\/p>\n","protected":false},"excerpt":{"rendered":"<p>Em continuidade \u00e0s negocia\u00e7\u00f5es do Acordo Coletivo de Trabalho 2014\/2015, a cl\u00e1usula Condi\u00e7\u00f5es de Trabalho foi o tema discutido ontem (28). Os assuntos foram: Inova\u00e7\u00f5es Tecnol\u00f3gicas, Jornada de Trabalho nas Ag\u00eancias de Correios, Jornada de Trabalho para Trabalhadores em Terminais &hellip; <a href=\"https:\/\/blog.correios.com.br\/acordocoletivo\/?p=1613\">Continue lendo <span class=\"meta-nav\">&rarr;<\/span><\/a><\/p>\n","protected":false},"author":44,"featured_media":0,"comment_status":"open","ping_status":"open","sticky":false,"template":"","format":"standard","meta":{"footnotes":""},"categories":[29],"tags":[53,16],"class_list":["post-1613","post","type-post","status-publish","format-standard","hentry","category-negociacao-permanente","tag-act-20142015","tag-negociacoes-trabalhistas"],"_links":{"self":[{"href":"https:\/\/blog.correios.com.br\/acordocoletivo\/index.php?rest_route=\/wp\/v2\/posts\/1613","targetHints":{"allow":["GET"]}}],"collection":[{"href":"https:\/\/blog.correios.com.br\/acordocoletivo\/index.php?rest_route=\/wp\/v2\/posts"}],"about":[{"href":"https:\/\/blog.correios.com.br\/acordocoletivo\/index.php?rest_route=\/wp\/v2\/types\/post"}],"author":[{"embeddable":true,"href":"https:\/\/blog.correios.com.br\/acordocoletivo\/index.php?rest_route=\/wp\/v2\/users\/44"}],"replies":[{"embeddable":true,"href":"https:\/\/blog.correios.com.br\/acordocoletivo\/index.php?rest_route=%2Fwp%2Fv2%2Fcomments&post=1613"}],"version-history":[{"count":3,"href":"https:\/\/blog.correios.com.br\/acordocoletivo\/index.php?rest_route=\/wp\/v2\/posts\/1613\/revisions"}],"predecessor-version":[{"id":1674,"href":"https:\/\/blog.correios.com.br\/acordocoletivo\/index.php?rest_route=\/wp\/v2\/posts\/1613\/revisions\/1674"}],"wp:attachment":[{"href":"https:\/\/blog.correios.com.br\/acordocoletivo\/index.php?rest_route=%2Fwp%2Fv2%2Fmedia&parent=1613"}],"wp:term":[{"taxonomy":"category","embeddable":true,"href":"https:\/\/blog.correios.com.br\/acordocoletivo\/index.php?rest_route=%2Fwp%2Fv2%2Fcategories&post=1613"},{"taxonomy":"post_tag","embeddable":true,"href":"https:\/\/blog.correios.com.br\/acordocoletivo\/index.php?rest_route=%2Fwp%2Fv2%2Ftags&post=1613"}],"curies":[{"name":"wp","href":"https:\/\/api.w.org\/{rel}","templated":true}]}}