{"id":1615,"date":"2014-09-04T15:56:31","date_gmt":"2014-09-04T18:56:31","guid":{"rendered":"http:\/\/blog.correios.com.br\/acordocoletivo\/?p=1615"},"modified":"2014-11-05T17:54:38","modified_gmt":"2014-11-05T19:54:38","slug":"correios-apresenta-proposta-de-reajuste-salarial-2","status":"publish","type":"post","link":"https:\/\/blog.correios.com.br\/acordocoletivo\/?p=1615","title":{"rendered":"Correios apresenta proposta de reajuste salarial"},"content":{"rendered":"<p>Nesta quarta-feira (3), as representa\u00e7\u00f5es dos Correios e dos trabalhadores reuniram-se para discutir as cl\u00e1usulas econ\u00f4micas, em continuidade \u00e0s negocia\u00e7\u00f5es do Acordo Coletivo de Trabalho 2014\/2015. A proposta de reajuste salarial da empresa \u00e9 de 6,502315%, conforme a infla\u00e7\u00e3o.<\/p>\n<p>Nos \u00faltimos tr\u00eas anos, os Correios concederam aumento real de 7,19% se comparado ao IPCA do per\u00edodo e aos reajustes salariais. Para este ano, a proposta da empresa visa a reposi\u00e7\u00e3o do poder de compra aos empregados, visto que a lei eleitoral (cf. Art. 73, inciso VIII, da Lei n\u00ba 9.504, de 1997; e art.50, VIII, da Resolu\u00e7\u00e3o TSE n\u00ba 23.404, de 27\/02\/2014) veda reajuste que exceda a infla\u00e7\u00e3o.<\/p>\n<p>Clique <a href=\"https:\/\/blog.correios.com.br\/acordocoletivo\/wp-content\/uploads\/2014\/11\/04-Ata-reuni\u00e3o-ACT-2014-2015-Mesa-\u00fanica-03-09-2014.pdf\" target=\"_blank\">AQUI<\/a> e veja a ata da reuni\u00e3o do dia 3\/09\/2014.<\/p>\n<p>&nbsp;<\/p>\n","protected":false},"excerpt":{"rendered":"<p>Nesta quarta-feira (3), as representa\u00e7\u00f5es dos Correios e dos trabalhadores reuniram-se para discutir as cl\u00e1usulas econ\u00f4micas, em continuidade \u00e0s negocia\u00e7\u00f5es do Acordo Coletivo de Trabalho 2014\/2015. A proposta de reajuste salarial da empresa \u00e9 de 6,502315%, conforme a infla\u00e7\u00e3o. Nos &hellip; <a href=\"https:\/\/blog.correios.com.br\/acordocoletivo\/?p=1615\">Continue lendo <span class=\"meta-nav\">&rarr;<\/span><\/a><\/p>\n","protected":false},"author":44,"featured_media":0,"comment_status":"open","ping_status":"open","sticky":false,"template":"","format":"standard","meta":{"footnotes":""},"categories":[29],"tags":[53,16],"class_list":["post-1615","post","type-post","status-publish","format-standard","hentry","category-negociacao-permanente","tag-act-20142015","tag-negociacoes-trabalhistas"],"_links":{"self":[{"href":"https:\/\/blog.correios.com.br\/acordocoletivo\/index.php?rest_route=\/wp\/v2\/posts\/1615","targetHints":{"allow":["GET"]}}],"collection":[{"href":"https:\/\/blog.correios.com.br\/acordocoletivo\/index.php?rest_route=\/wp\/v2\/posts"}],"about":[{"href":"https:\/\/blog.correios.com.br\/acordocoletivo\/index.php?rest_route=\/wp\/v2\/types\/post"}],"author":[{"embeddable":true,"href":"https:\/\/blog.correios.com.br\/acordocoletivo\/index.php?rest_route=\/wp\/v2\/users\/44"}],"replies":[{"embeddable":true,"href":"https:\/\/blog.correios.com.br\/acordocoletivo\/index.php?rest_route=%2Fwp%2Fv2%2Fcomments&post=1615"}],"version-history":[{"count":4,"href":"https:\/\/blog.correios.com.br\/acordocoletivo\/index.php?rest_route=\/wp\/v2\/posts\/1615\/revisions"}],"predecessor-version":[{"id":1672,"href":"https:\/\/blog.correios.com.br\/acordocoletivo\/index.php?rest_route=\/wp\/v2\/posts\/1615\/revisions\/1672"}],"wp:attachment":[{"href":"https:\/\/blog.correios.com.br\/acordocoletivo\/index.php?rest_route=%2Fwp%2Fv2%2Fmedia&parent=1615"}],"wp:term":[{"taxonomy":"category","embeddable":true,"href":"https:\/\/blog.correios.com.br\/acordocoletivo\/index.php?rest_route=%2Fwp%2Fv2%2Fcategories&post=1615"},{"taxonomy":"post_tag","embeddable":true,"href":"https:\/\/blog.correios.com.br\/acordocoletivo\/index.php?rest_route=%2Fwp%2Fv2%2Ftags&post=1615"}],"curies":[{"name":"wp","href":"https:\/\/api.w.org\/{rel}","templated":true}]}}