{"id":1617,"date":"2014-09-05T15:58:32","date_gmt":"2014-09-05T18:58:32","guid":{"rendered":"http:\/\/blog.correios.com.br\/acordocoletivo\/?p=1617"},"modified":"2014-11-05T17:51:51","modified_gmt":"2014-11-05T19:51:51","slug":"correios-apresenta-novas-clausulas-na-reuniao-de-negociacoes","status":"publish","type":"post","link":"https:\/\/blog.correios.com.br\/acordocoletivo\/?p=1617","title":{"rendered":"Correios apresenta novas cl\u00e1usulas na reuni\u00e3o de negocia\u00e7\u00f5es"},"content":{"rendered":"<p>Nesta quinta-feira (4) foi realizada mais uma reuni\u00e3o de negocia\u00e7\u00e3o do Acordo Coletivo 2014\/2015 entre a empresa e as representa\u00e7\u00f5es dos trabalhadores.<\/p>\n<p>Foram discutidas as novas cl\u00e1usulas: empregado inapto para retorno ao trabalho, ergonomia na empresa e baixa umidade relativa do ar.<\/p>\n<p>Tamb\u00e9m discutiu-se sobre a cl\u00e1usula de distribui\u00e7\u00e3o domicili\u00e1ria (entrega matutina), tema levantado pelos representantes dos trabalhadores. A Comiss\u00e3o de Negocia\u00e7\u00e3o da empresa informou que avaliar\u00e1 as quest\u00f5es levantadas e realizar\u00e1 novos estudos, visando a melhoria de condi\u00e7\u00f5es de trabalho para os seus empregados.<\/p>\n<p>Veja a ata da reuni\u00e3o do dia 4\/09\/2014 clicando <a href=\"https:\/\/blog.correios.com.br\/acordocoletivo\/wp-content\/uploads\/2014\/11\/05-Ata-reuni\u00e3o-ACT-2014-2015-Mesa-\u00fanica-04-09-2014.pdf\" target=\"_blank\">AQUI<\/a>.<\/p>\n","protected":false},"excerpt":{"rendered":"<p>Nesta quinta-feira (4) foi realizada mais uma reuni\u00e3o de negocia\u00e7\u00e3o do Acordo Coletivo 2014\/2015 entre a empresa e as representa\u00e7\u00f5es dos trabalhadores. Foram discutidas as novas cl\u00e1usulas: empregado inapto para retorno ao trabalho, ergonomia na empresa e baixa umidade relativa &hellip; <a href=\"https:\/\/blog.correios.com.br\/acordocoletivo\/?p=1617\">Continue lendo <span class=\"meta-nav\">&rarr;<\/span><\/a><\/p>\n","protected":false},"author":44,"featured_media":0,"comment_status":"open","ping_status":"open","sticky":false,"template":"","format":"standard","meta":{"footnotes":""},"categories":[29],"tags":[53,16],"class_list":["post-1617","post","type-post","status-publish","format-standard","hentry","category-negociacao-permanente","tag-act-20142015","tag-negociacoes-trabalhistas"],"_links":{"self":[{"href":"https:\/\/blog.correios.com.br\/acordocoletivo\/index.php?rest_route=\/wp\/v2\/posts\/1617","targetHints":{"allow":["GET"]}}],"collection":[{"href":"https:\/\/blog.correios.com.br\/acordocoletivo\/index.php?rest_route=\/wp\/v2\/posts"}],"about":[{"href":"https:\/\/blog.correios.com.br\/acordocoletivo\/index.php?rest_route=\/wp\/v2\/types\/post"}],"author":[{"embeddable":true,"href":"https:\/\/blog.correios.com.br\/acordocoletivo\/index.php?rest_route=\/wp\/v2\/users\/44"}],"replies":[{"embeddable":true,"href":"https:\/\/blog.correios.com.br\/acordocoletivo\/index.php?rest_route=%2Fwp%2Fv2%2Fcomments&post=1617"}],"version-history":[{"count":4,"href":"https:\/\/blog.correios.com.br\/acordocoletivo\/index.php?rest_route=\/wp\/v2\/posts\/1617\/revisions"}],"predecessor-version":[{"id":1670,"href":"https:\/\/blog.correios.com.br\/acordocoletivo\/index.php?rest_route=\/wp\/v2\/posts\/1617\/revisions\/1670"}],"wp:attachment":[{"href":"https:\/\/blog.correios.com.br\/acordocoletivo\/index.php?rest_route=%2Fwp%2Fv2%2Fmedia&parent=1617"}],"wp:term":[{"taxonomy":"category","embeddable":true,"href":"https:\/\/blog.correios.com.br\/acordocoletivo\/index.php?rest_route=%2Fwp%2Fv2%2Fcategories&post=1617"},{"taxonomy":"post_tag","embeddable":true,"href":"https:\/\/blog.correios.com.br\/acordocoletivo\/index.php?rest_route=%2Fwp%2Fv2%2Ftags&post=1617"}],"curies":[{"name":"wp","href":"https:\/\/api.w.org\/{rel}","templated":true}]}}