{"id":1619,"date":"2014-09-17T16:03:09","date_gmt":"2014-09-17T19:03:09","guid":{"rendered":"http:\/\/blog.correios.com.br\/acordocoletivo\/?p=1619"},"modified":"2014-11-05T17:49:50","modified_gmt":"2014-11-05T19:49:50","slug":"representacoes-da-empresa-e-dos-trabalhadores-discutem-termos-finais-do-acordo-coletivo-de-trabalho-20142015","status":"publish","type":"post","link":"https:\/\/blog.correios.com.br\/acordocoletivo\/?p=1619","title":{"rendered":"Representa\u00e7\u00f5es da empresa e dos trabalhadores discutem termos finais do Acordo Coletivo de Trabalho 2014\/2015"},"content":{"rendered":"<p>Nesta ter\u00e7a-feira (16), durante todo o dia, foi realizada a \u00faltima reuni\u00e3o de negocia\u00e7\u00f5es com as representa\u00e7\u00f5es dos trabalhadores. As propostas finais apresentadas foram constru\u00eddas juntamente com o Tribunal Superior do Trabalho (TST).<\/p>\n<p>Entre as propostas finais apresentadas na mesa de negocia\u00e7\u00f5es, as principais s\u00e3o:<\/p>\n<p>&#8211; Vale Alimenta\u00e7\u00e3o\/Refei\u00e7\u00e3o: reajuste de 6,5%, alterando o valor facial de R$ 28,29 para R$ 30,13, mais o acr\u00e9scimo de 3 vales por m\u00eas, ou seja, para os que exercem a jornada de trabalho regular de cinco dias estes ter\u00e3o a quantidade aumentada de 23 para 26 vales. J\u00e1 quem tem jornada regular de seis dias, de 27 para 30 vales. O reajuste ser\u00e1 retroativo, a partir de 1\u00ba de Agosto de 2014;<\/p>\n<p>&#8211; Reajuste do vale cesta de R$ 158,45 para R$ 188,58;<\/p>\n<p>&#8211; Manuten\u00e7\u00e3o do vale cesta extra, no final desse ano, no valor de R$ 813,51, o que corresponde a 27 vales;<\/p>\n<p>&#8211; Manuten\u00e7\u00e3o do fornecimento do vale refei\u00e7\u00e3o\/alimenta\u00e7\u00e3o ao empregado em acidente de trabalho;<\/p>\n<p>&#8211; Reajuste Salarial: reajuste salarial no valor fixo correspondente a 6,5 % da refer\u00eancia salarial (sal\u00e1rio base) que ser\u00e1 pago na forma de gratifica\u00e7\u00e3o, denominada Gratifica\u00e7\u00e3o de Incentivo a Produtividade (GIP). Nos casos em que o valor do reajuste anual for menor que R$ 200,00, ser\u00e1 aplicado esse valor fixo. Caso o reajuste represente um valor maior que R$ 200,00, ser\u00e1 considerado o valor mais vantajoso para o empregado.<\/p>\n<p>A partir de 2015, haver\u00e1 uma incorpora\u00e7\u00e3o da GIP \u00e0 refer\u00eancia salarial do empregado, de forma linear, sendo:<\/p>\n<p>1 \u2013 25% do seu valor inicial atualizado no exerc\u00edcio de 2015;<\/p>\n<p>2 \u2013 25% do seu valor inicial atualizado no exerc\u00edcio de 2016;<\/p>\n<p>3 \u2013 Os 50% restantes ser\u00e3o incorporados conforme lucro l\u00edquido aferido no exerc\u00edcio.<\/p>\n<p>Todos esses valores ser\u00e3o incorporados \u00e0 refer\u00eancia salarial do empregado (Tabela Salarial) sempre ap\u00f3s a aprova\u00e7\u00e3o das contas pela Assembleia Geral Ordin\u00e1ria.<\/p>\n<p>&#8211; Pagamento retroativo (desde janeiro de 2014) do Vale-Cultura para os empregados que t\u00eam direito a esse beneficio, sendo pago, em parcela \u00fanica, ap\u00f3s 60 dias da assinatura do contrato de fornecimento com a empresa operadora.<\/p>\n<p>Todas as propostas apresentadas pela empresa ser\u00e3o levadas pelas representa\u00e7\u00f5es \u00e0s bases, para as assembleias sindicais.<\/p>\n<p>Caso as propostas do Acordo Coletivo de Trabalho 2014\/2015 sejam aprovadas nas pr\u00f3ximas assembleias sindicais, os valores retroativos j\u00e1 ser\u00e3o inseridos na folha de pagamento deste m\u00eas de setembro.<\/p>\n<p>At\u00e9 o momento, os sindicatos de Bauru, Rio Grande do Norte, Rond\u00f4nia e S\u00e3o Paulo Metropolitana aprovaram o Acordo Coletivo de Trabalho em suas assembleias. O sindicato de Ribeir\u00e3o Preto est\u00e1 realizando assembleias descentralizadas na regi\u00e3o, sendo que Araraquara, Catanduva e Franca j\u00e1 aprovaram a proposta. Hoje (17), ser\u00e3o realizadas mais 32 assembleias pelo Brasil.<\/p>\n<p>Clique abaixo e veja o texto completo da proposta de Acordo Coletivo de Trabalho:<\/p>\n<p><a href=\"https:\/\/blog.correios.com.br\/acordocoletivo\/wp-content\/uploads\/2014\/11\/Proposta-da-ECT-para-o-Acordo-Coletivo-de-Trabalho-2014-2015-16-09-2014.pdf\" target=\"_blank\">Proposta ACT 2014-2015<\/a><\/p>\n","protected":false},"excerpt":{"rendered":"<p>Nesta ter\u00e7a-feira (16), durante todo o dia, foi realizada a \u00faltima reuni\u00e3o de negocia\u00e7\u00f5es com as representa\u00e7\u00f5es dos trabalhadores. As propostas finais apresentadas foram constru\u00eddas juntamente com o Tribunal Superior do Trabalho (TST). Entre as propostas finais apresentadas na mesa &hellip; <a href=\"https:\/\/blog.correios.com.br\/acordocoletivo\/?p=1619\">Continue lendo <span class=\"meta-nav\">&rarr;<\/span><\/a><\/p>\n","protected":false},"author":44,"featured_media":0,"comment_status":"open","ping_status":"open","sticky":false,"template":"","format":"standard","meta":{"footnotes":""},"categories":[29],"tags":[53,16,36],"class_list":["post-1619","post","type-post","status-publish","format-standard","hentry","category-negociacao-permanente","tag-act-20142015","tag-negociacoes-trabalhistas","tag-tst"],"_links":{"self":[{"href":"https:\/\/blog.correios.com.br\/acordocoletivo\/index.php?rest_route=\/wp\/v2\/posts\/1619","targetHints":{"allow":["GET"]}}],"collection":[{"href":"https:\/\/blog.correios.com.br\/acordocoletivo\/index.php?rest_route=\/wp\/v2\/posts"}],"about":[{"href":"https:\/\/blog.correios.com.br\/acordocoletivo\/index.php?rest_route=\/wp\/v2\/types\/post"}],"author":[{"embeddable":true,"href":"https:\/\/blog.correios.com.br\/acordocoletivo\/index.php?rest_route=\/wp\/v2\/users\/44"}],"replies":[{"embeddable":true,"href":"https:\/\/blog.correios.com.br\/acordocoletivo\/index.php?rest_route=%2Fwp%2Fv2%2Fcomments&post=1619"}],"version-history":[{"count":4,"href":"https:\/\/blog.correios.com.br\/acordocoletivo\/index.php?rest_route=\/wp\/v2\/posts\/1619\/revisions"}],"predecessor-version":[{"id":1669,"href":"https:\/\/blog.correios.com.br\/acordocoletivo\/index.php?rest_route=\/wp\/v2\/posts\/1619\/revisions\/1669"}],"wp:attachment":[{"href":"https:\/\/blog.correios.com.br\/acordocoletivo\/index.php?rest_route=%2Fwp%2Fv2%2Fmedia&parent=1619"}],"wp:term":[{"taxonomy":"category","embeddable":true,"href":"https:\/\/blog.correios.com.br\/acordocoletivo\/index.php?rest_route=%2Fwp%2Fv2%2Fcategories&post=1619"},{"taxonomy":"post_tag","embeddable":true,"href":"https:\/\/blog.correios.com.br\/acordocoletivo\/index.php?rest_route=%2Fwp%2Fv2%2Ftags&post=1619"}],"curies":[{"name":"wp","href":"https:\/\/api.w.org\/{rel}","templated":true}]}}