{"id":1626,"date":"2014-09-30T16:10:24","date_gmt":"2014-09-30T19:10:24","guid":{"rendered":"http:\/\/blog.correios.com.br\/acordocoletivo\/?p=1626"},"modified":"2014-11-05T16:36:48","modified_gmt":"2014-11-05T18:36:48","slug":"vinte-sindicatos-ja-assinaram-o-acordo-coletivo-de-trabalho-20142015","status":"publish","type":"post","link":"https:\/\/blog.correios.com.br\/acordocoletivo\/?p=1626","title":{"rendered":"Vinte sindicatos j\u00e1 assinaram o Acordo Coletivo de Trabalho 2014\/2015"},"content":{"rendered":"<p>Os empregados das bases sindicais dos estados do Acre, Alagoas, Amap\u00e1, Bras\u00edlia, Esp\u00edrito Santo, Goi\u00e1s, Juiz de Fora (MG), Maranh\u00e3o, Mato Grosso do Sul, Par\u00e1, Ribeir\u00e3o Preto (SP), Santa Maria (RS), Santos (SP) e Uberaba (MG), que s\u00e3o filiados \u00e0 Fentect, e os sindicatos de S\u00e3o Paulo (Capital), Rio de Janeiro (RJ), Rond\u00f4nia (RO), Bauru (BRU), Rio Grande do Norte (RN) e Tocantins (TO), filiados \u00e0 Findect, que j\u00e1 assinaram o acordo, ter\u00e3o o pagamento da Gratifica\u00e7\u00e3o de Incentivo a Produtividade (GIP) de agosto e setembro efetivado na folha de pagamento deste m\u00eas e j\u00e1 podem consultar a informa\u00e7\u00e3o no RH 24 horas.<\/p>\n<p>O ministro do Tribunal Superior do Trabalho, Ives Gandra Filho, afirmou que as demais bases, cujos sindicatos n\u00e3o assinaram o ACT, na audi\u00eancia ocorrida na \u00faltima quarta-feira (24), poder\u00e3o entrar com requerimento de ades\u00e3o ao acordo junto ao TST para tamb\u00e9m passar a usufruir dos avan\u00e7os obtidos no processo negocial.<\/p>\n<p>No intuito de privilegiar a negocia\u00e7\u00e3o, os Correios aguardar\u00e3o at\u00e9 o dia 3 de outubro a assinatura dos sindicados que tamb\u00e9m queiram aderir ao acordo firmado, comprometendo-se a creditar os valores retroativos at\u00e9 10 dias ap\u00f3s ades\u00e3o.<\/p>\n<p>Em caso de n\u00e3o ades\u00e3o ao acordo, \u00e0s referidas bases sindicais ficar\u00e3o condicionadas a decis\u00e3o do TST acerca de eventual extens\u00e3o dos benef\u00edcios.<\/p>\n<p>Assim, converse com seus colegas, delegados e dirigentes sindicais sobre as vantagens que integrar\u00e3o o seu contrato individual de trabalho, conquistadas com a assinatura do novo acordo coletivo, avaliando inclusive os riscos para os trabalhadores em caso de n\u00e3o ades\u00e3o ao acordo.<\/p>\n","protected":false},"excerpt":{"rendered":"<p>Os empregados das bases sindicais dos estados do Acre, Alagoas, Amap\u00e1, Bras\u00edlia, Esp\u00edrito Santo, Goi\u00e1s, Juiz de Fora (MG), Maranh\u00e3o, Mato Grosso do Sul, Par\u00e1, Ribeir\u00e3o Preto (SP), Santa Maria (RS), Santos (SP) e Uberaba (MG), que s\u00e3o filiados \u00e0 &hellip; <a href=\"https:\/\/blog.correios.com.br\/acordocoletivo\/?p=1626\">Continue lendo <span class=\"meta-nav\">&rarr;<\/span><\/a><\/p>\n","protected":false},"author":44,"featured_media":0,"comment_status":"open","ping_status":"open","sticky":false,"template":"","format":"standard","meta":{"footnotes":""},"categories":[29],"tags":[53,51,16,36],"class_list":["post-1626","post","type-post","status-publish","format-standard","hentry","category-negociacao-permanente","tag-act-20142015","tag-correios","tag-negociacoes-trabalhistas","tag-tst"],"_links":{"self":[{"href":"https:\/\/blog.correios.com.br\/acordocoletivo\/index.php?rest_route=\/wp\/v2\/posts\/1626","targetHints":{"allow":["GET"]}}],"collection":[{"href":"https:\/\/blog.correios.com.br\/acordocoletivo\/index.php?rest_route=\/wp\/v2\/posts"}],"about":[{"href":"https:\/\/blog.correios.com.br\/acordocoletivo\/index.php?rest_route=\/wp\/v2\/types\/post"}],"author":[{"embeddable":true,"href":"https:\/\/blog.correios.com.br\/acordocoletivo\/index.php?rest_route=\/wp\/v2\/users\/44"}],"replies":[{"embeddable":true,"href":"https:\/\/blog.correios.com.br\/acordocoletivo\/index.php?rest_route=%2Fwp%2Fv2%2Fcomments&post=1626"}],"version-history":[{"count":2,"href":"https:\/\/blog.correios.com.br\/acordocoletivo\/index.php?rest_route=\/wp\/v2\/posts\/1626\/revisions"}],"predecessor-version":[{"id":1646,"href":"https:\/\/blog.correios.com.br\/acordocoletivo\/index.php?rest_route=\/wp\/v2\/posts\/1626\/revisions\/1646"}],"wp:attachment":[{"href":"https:\/\/blog.correios.com.br\/acordocoletivo\/index.php?rest_route=%2Fwp%2Fv2%2Fmedia&parent=1626"}],"wp:term":[{"taxonomy":"category","embeddable":true,"href":"https:\/\/blog.correios.com.br\/acordocoletivo\/index.php?rest_route=%2Fwp%2Fv2%2Fcategories&post=1626"},{"taxonomy":"post_tag","embeddable":true,"href":"https:\/\/blog.correios.com.br\/acordocoletivo\/index.php?rest_route=%2Fwp%2Fv2%2Ftags&post=1626"}],"curies":[{"name":"wp","href":"https:\/\/api.w.org\/{rel}","templated":true}]}}