{"id":1628,"date":"2014-10-10T16:12:20","date_gmt":"2014-10-10T19:12:20","guid":{"rendered":"http:\/\/blog.correios.com.br\/acordocoletivo\/?p=1628"},"modified":"2014-11-05T17:45:28","modified_gmt":"2014-11-05T19:45:28","slug":"fentect-assina-acordo-coletivo-de-trabalho","status":"publish","type":"post","link":"https:\/\/blog.correios.com.br\/acordocoletivo\/?p=1628","title":{"rendered":"Fentect assina Acordo Coletivo de Trabalho"},"content":{"rendered":"<p>Foi assinado hoje (10) o Acordo Coletivo de Trabalho 2014\/2015 com a Fentect, abrangendo os trabalhadores das bases sindicais que n\u00e3o haviam feito ades\u00e3o ao ACT. A assinatura ocorreu no Tribunal Superior do Trabalho, e contou com a media\u00e7\u00e3o do ministro Ives Gandra Filho.<\/p>\n<p>Os benef\u00edcios do acordo, para as bases que ainda n\u00e3o haviam aderido, ser\u00e3o retroativos a 1\u00ba agosto de 2014. A diferen\u00e7a dos cr\u00e9ditos dos Vales Alimenta\u00e7\u00e3o e Refei\u00e7\u00e3o ser\u00e1 depositada no pr\u00f3ximo dia 30 de outubro.<\/p>\n<p>J\u00e1 os valores relativos \u00e0 Gratifica\u00e7\u00e3o de Incentivo \u00e0 Produtividade (GIP), bem como as demais diferen\u00e7as que tem reflexos na folha de pagamento, ser\u00e3o pagos na folha de pagamento do m\u00eas de outubro.<\/p>\n<p>Clique <a href=\"https:\/\/blog.correios.com.br\/acordocoletivo\/wp-content\/uploads\/2014\/11\/TERMO-DE-ADES\u00c3O-AO-ACT-2014-2015.pdf\" target=\"_blank\">AQUI<\/a> e veja o Termo de Ades\u00e3o ao ACT.<\/p>\n","protected":false},"excerpt":{"rendered":"<p>Foi assinado hoje (10) o Acordo Coletivo de Trabalho 2014\/2015 com a Fentect, abrangendo os trabalhadores das bases sindicais que n\u00e3o haviam feito ades\u00e3o ao ACT. A assinatura ocorreu no Tribunal Superior do Trabalho, e contou com a media\u00e7\u00e3o do &hellip; <a href=\"https:\/\/blog.correios.com.br\/acordocoletivo\/?p=1628\">Continue lendo <span class=\"meta-nav\">&rarr;<\/span><\/a><\/p>\n","protected":false},"author":44,"featured_media":0,"comment_status":"open","ping_status":"open","sticky":false,"template":"","format":"standard","meta":{"footnotes":""},"categories":[29],"tags":[53,16,36],"class_list":["post-1628","post","type-post","status-publish","format-standard","hentry","category-negociacao-permanente","tag-act-20142015","tag-negociacoes-trabalhistas","tag-tst"],"_links":{"self":[{"href":"https:\/\/blog.correios.com.br\/acordocoletivo\/index.php?rest_route=\/wp\/v2\/posts\/1628","targetHints":{"allow":["GET"]}}],"collection":[{"href":"https:\/\/blog.correios.com.br\/acordocoletivo\/index.php?rest_route=\/wp\/v2\/posts"}],"about":[{"href":"https:\/\/blog.correios.com.br\/acordocoletivo\/index.php?rest_route=\/wp\/v2\/types\/post"}],"author":[{"embeddable":true,"href":"https:\/\/blog.correios.com.br\/acordocoletivo\/index.php?rest_route=\/wp\/v2\/users\/44"}],"replies":[{"embeddable":true,"href":"https:\/\/blog.correios.com.br\/acordocoletivo\/index.php?rest_route=%2Fwp%2Fv2%2Fcomments&post=1628"}],"version-history":[{"count":3,"href":"https:\/\/blog.correios.com.br\/acordocoletivo\/index.php?rest_route=\/wp\/v2\/posts\/1628\/revisions"}],"predecessor-version":[{"id":1664,"href":"https:\/\/blog.correios.com.br\/acordocoletivo\/index.php?rest_route=\/wp\/v2\/posts\/1628\/revisions\/1664"}],"wp:attachment":[{"href":"https:\/\/blog.correios.com.br\/acordocoletivo\/index.php?rest_route=%2Fwp%2Fv2%2Fmedia&parent=1628"}],"wp:term":[{"taxonomy":"category","embeddable":true,"href":"https:\/\/blog.correios.com.br\/acordocoletivo\/index.php?rest_route=%2Fwp%2Fv2%2Fcategories&post=1628"},{"taxonomy":"post_tag","embeddable":true,"href":"https:\/\/blog.correios.com.br\/acordocoletivo\/index.php?rest_route=%2Fwp%2Fv2%2Ftags&post=1628"}],"curies":[{"name":"wp","href":"https:\/\/api.w.org\/{rel}","templated":true}]}}