{"id":1702,"date":"2014-11-13T12:01:13","date_gmt":"2014-11-13T14:01:13","guid":{"rendered":"http:\/\/blog.correios.com.br\/acordocoletivo\/?p=1702"},"modified":"2014-11-13T12:01:13","modified_gmt":"2014-11-13T14:01:13","slug":"negociacao-da-plr","status":"publish","type":"post","link":"https:\/\/blog.correios.com.br\/acordocoletivo\/?p=1702","title":{"rendered":"Negocia\u00e7\u00e3o da PLR"},"content":{"rendered":"<p>Ontem, dia 12 de novembro, foi realizada mais uma reuni\u00e3o de media\u00e7\u00e3o para fechamento do acordo dos programas de PLR dos exerc\u00edcios de 2013, 2014 e 2015 no TST, com a participa\u00e7\u00e3o dos representantes da empresa e dos trabalhadores. Em raz\u00e3o do impasse na proposta, o TST concordou em prorrogar, por mais uma semana, o prazo para conclus\u00e3o das negocia\u00e7\u00f5es.<\/p>\n<p>Importante lembrar que a busca do acordo \u00e9 requisito legal para os programas de PLR. Nova reuni\u00e3o foi agendada para a pr\u00f3xima quarta-feira, 19 de novembro.<\/p>\n<p>O ministro do TST fez um \u00faltimo apelo para que os trabalhadores deem continuidade \u00e0s atividades normais e n\u00e3o iniciem nenhum movimento de paralisa\u00e7\u00e3o at\u00e9 a pr\u00f3xima quarta-feira, data em que o assunto ser\u00e1 conclu\u00eddo.<\/p>\n<p>Os Correios reafirmam o seu compromisso com o di\u00e1logo e o esfor\u00e7o para superar esse impasse.<\/p>\n","protected":false},"excerpt":{"rendered":"<p>Ontem, dia 12 de novembro, foi realizada mais uma reuni\u00e3o de media\u00e7\u00e3o para fechamento do acordo dos programas de PLR dos exerc\u00edcios de 2013, 2014 e 2015 no TST, com a participa\u00e7\u00e3o dos representantes da empresa e dos trabalhadores. Em &hellip; <a href=\"https:\/\/blog.correios.com.br\/acordocoletivo\/?p=1702\">Continue lendo <span class=\"meta-nav\">&rarr;<\/span><\/a><\/p>\n","protected":false},"author":44,"featured_media":0,"comment_status":"open","ping_status":"open","sticky":false,"template":"","format":"standard","meta":{"footnotes":""},"categories":[29],"tags":[81,36],"class_list":["post-1702","post","type-post","status-publish","format-standard","hentry","category-negociacao-permanente","tag-plr","tag-tst"],"_links":{"self":[{"href":"https:\/\/blog.correios.com.br\/acordocoletivo\/index.php?rest_route=\/wp\/v2\/posts\/1702","targetHints":{"allow":["GET"]}}],"collection":[{"href":"https:\/\/blog.correios.com.br\/acordocoletivo\/index.php?rest_route=\/wp\/v2\/posts"}],"about":[{"href":"https:\/\/blog.correios.com.br\/acordocoletivo\/index.php?rest_route=\/wp\/v2\/types\/post"}],"author":[{"embeddable":true,"href":"https:\/\/blog.correios.com.br\/acordocoletivo\/index.php?rest_route=\/wp\/v2\/users\/44"}],"replies":[{"embeddable":true,"href":"https:\/\/blog.correios.com.br\/acordocoletivo\/index.php?rest_route=%2Fwp%2Fv2%2Fcomments&post=1702"}],"version-history":[{"count":2,"href":"https:\/\/blog.correios.com.br\/acordocoletivo\/index.php?rest_route=\/wp\/v2\/posts\/1702\/revisions"}],"predecessor-version":[{"id":1704,"href":"https:\/\/blog.correios.com.br\/acordocoletivo\/index.php?rest_route=\/wp\/v2\/posts\/1702\/revisions\/1704"}],"wp:attachment":[{"href":"https:\/\/blog.correios.com.br\/acordocoletivo\/index.php?rest_route=%2Fwp%2Fv2%2Fmedia&parent=1702"}],"wp:term":[{"taxonomy":"category","embeddable":true,"href":"https:\/\/blog.correios.com.br\/acordocoletivo\/index.php?rest_route=%2Fwp%2Fv2%2Fcategories&post=1702"},{"taxonomy":"post_tag","embeddable":true,"href":"https:\/\/blog.correios.com.br\/acordocoletivo\/index.php?rest_route=%2Fwp%2Fv2%2Ftags&post=1702"}],"curies":[{"name":"wp","href":"https:\/\/api.w.org\/{rel}","templated":true}]}}