{"id":2331,"date":"2016-10-24T11:05:23","date_gmt":"2016-10-24T13:05:23","guid":{"rendered":"http:\/\/blog.correios.com.br\/acordocoletivo\/?p=2331"},"modified":"2016-11-03T18:04:51","modified_gmt":"2016-11-03T20:04:51","slug":"act-20162017-comissao-paritaria-de-saude","status":"publish","type":"post","link":"https:\/\/blog.correios.com.br\/acordocoletivo\/?p=2331","title":{"rendered":"ACT 2016\/2017 \u2013 Comiss\u00e3o Parit\u00e1ria de Sa\u00fade"},"content":{"rendered":"<p>Reuniram-se na quinta (20) e sexta-feira (21), na Universidade Correios, representantes da empresa, da Fentect e da Findect para compor a Comiss\u00e3o Parit\u00e1ria de Sa\u00fade do Acordo Coletivo de Trabalho 2016\/2017.<\/p>\n<p>Segundo a Cl\u00e1usula 28 \u2013 Assist\u00eancia M\u00e9dica\/Hospitalar e Odontol\u00f3gica, do ACT vigente, a Comiss\u00e3o vai apresentar propostas de melhorias no plano de sa\u00fade dos Correios at\u00e9 30\/01\/2017 e \u00e9 formada por 14 representantes da empresa e 14 dos trabalhadores.<\/p>\n<p>A constru\u00e7\u00e3o e assinatura do Regimento Interno, defini\u00e7\u00e3o dos temas a serem tratados e defini\u00e7\u00e3o do cronograma de atividades foram pauta dos primeiros dias de reuni\u00e3o.<\/p>\n<p><strong>Autogest\u00e3o<\/strong><\/p>\n<p>A Ag\u00eancia Nacional de Sa\u00fade Suplementar (ANS) dividiu as operadoras em 6 modalidades, entre elas a autogest\u00e3o. A Postal Sa\u00fade opera nesta modalidade. \u00c9 uma institui\u00e7\u00e3o sem fins lucrativos e constitu\u00edda pelos Correios.<\/p>\n<p>S\u00e3o vantagens da autogest\u00e3o o foco principal na sa\u00fade do empregado, a f\u00e1cil implanta\u00e7\u00e3o de tecnologias de atendimento ao benefici\u00e1rio e a agilidade no atendimento \u00e0s demandas da ANS.<\/p>\n<p>Os Correios s\u00e3o a empresa mantenedora da Postal Sa\u00fade e \u00e9 respons\u00e1vel pelo seu direcionamento e por garantir sua sustentabilidade financeira.<\/p>\n<p>A pr\u00f3xima reuni\u00e3o da Comiss\u00e3o Parit\u00e1ria de Sa\u00fade acontecer\u00e1 na segunda-feira (31), no mesmo local.<\/p>\n<p>Clique abaixo e veja as atas das reuni\u00f5es:<\/p>\n<p><a href=\"https:\/\/blog.correios.com.br\/acordocoletivo\/wp-content\/uploads\/2016\/11\/01-Ata-Reuni\u00e3o-20-e-21-10-2016.pdf\" target=\"_blank\">Ata dias 20 e 21\/10\/2016<\/a><\/p>\n<p><a href=\"https:\/\/blog.correios.com.br\/acordocoletivo\/wp-content\/uploads\/2016\/11\/02-Ata-Reuni\u00e3o-31-10-2016.pdf\" target=\"_blank\">Ata dia 31\/10\/2016<\/a><\/p>\n<p>&nbsp;<\/p>\n","protected":false},"excerpt":{"rendered":"<p>Reuniram-se na quinta (20) e sexta-feira (21), na Universidade Correios, representantes da empresa, da Fentect e da Findect para compor a Comiss\u00e3o Parit\u00e1ria de Sa\u00fade do Acordo Coletivo de Trabalho 2016\/2017. Segundo a Cl\u00e1usula 28 \u2013 Assist\u00eancia M\u00e9dica\/Hospitalar e Odontol\u00f3gica, &hellip; <a href=\"https:\/\/blog.correios.com.br\/acordocoletivo\/?p=2331\">Continue lendo <span class=\"meta-nav\">&rarr;<\/span><\/a><\/p>\n","protected":false},"author":44,"featured_media":0,"comment_status":"open","ping_status":"open","sticky":false,"template":"","format":"standard","meta":{"footnotes":""},"categories":[29],"tags":[69,71,51,16],"class_list":["post-2331","post","type-post","status-publish","format-standard","hentry","category-negociacao-permanente","tag-act-20162017","tag-comissao-paritaria","tag-correios","tag-negociacoes-trabalhistas"],"_links":{"self":[{"href":"https:\/\/blog.correios.com.br\/acordocoletivo\/index.php?rest_route=\/wp\/v2\/posts\/2331","targetHints":{"allow":["GET"]}}],"collection":[{"href":"https:\/\/blog.correios.com.br\/acordocoletivo\/index.php?rest_route=\/wp\/v2\/posts"}],"about":[{"href":"https:\/\/blog.correios.com.br\/acordocoletivo\/index.php?rest_route=\/wp\/v2\/types\/post"}],"author":[{"embeddable":true,"href":"https:\/\/blog.correios.com.br\/acordocoletivo\/index.php?rest_route=\/wp\/v2\/users\/44"}],"replies":[{"embeddable":true,"href":"https:\/\/blog.correios.com.br\/acordocoletivo\/index.php?rest_route=%2Fwp%2Fv2%2Fcomments&post=2331"}],"version-history":[{"count":5,"href":"https:\/\/blog.correios.com.br\/acordocoletivo\/index.php?rest_route=\/wp\/v2\/posts\/2331\/revisions"}],"predecessor-version":[{"id":2401,"href":"https:\/\/blog.correios.com.br\/acordocoletivo\/index.php?rest_route=\/wp\/v2\/posts\/2331\/revisions\/2401"}],"wp:attachment":[{"href":"https:\/\/blog.correios.com.br\/acordocoletivo\/index.php?rest_route=%2Fwp%2Fv2%2Fmedia&parent=2331"}],"wp:term":[{"taxonomy":"category","embeddable":true,"href":"https:\/\/blog.correios.com.br\/acordocoletivo\/index.php?rest_route=%2Fwp%2Fv2%2Fcategories&post=2331"},{"taxonomy":"post_tag","embeddable":true,"href":"https:\/\/blog.correios.com.br\/acordocoletivo\/index.php?rest_route=%2Fwp%2Fv2%2Ftags&post=2331"}],"curies":[{"name":"wp","href":"https:\/\/api.w.org\/{rel}","templated":true}]}}