{"id":3351,"date":"2017-05-02T17:47:03","date_gmt":"2017-05-02T20:47:03","guid":{"rendered":"http:\/\/blog.correios.com.br\/acordocoletivo\/?p=3351"},"modified":"2017-05-02T17:47:03","modified_gmt":"2017-05-02T20:47:03","slug":"empresa-negocia-e-apresenta-nova-proposta-aos-sindicatos","status":"publish","type":"post","link":"https:\/\/blog.correios.com.br\/acordocoletivo\/?p=3351","title":{"rendered":"Empresa negocia e apresenta nova proposta aos sindicatos"},"content":{"rendered":"<p>A dire\u00e7\u00e3o dos Correios apresentou ontem, dia 1<sup>o<\/sup>, uma nova proposta de acordo para encerrar a paralisa\u00e7\u00e3o parcial (clique <a href=\"https:\/\/blog.correios.com.br\/acordocoletivo\/wp-content\/uploads\/2017\/05\/0000-2017-Proposta-para-encerramento-de-Greve-01.05.2017.pdf\" target=\"_blank\">AQUI<\/a> e veja a ata). O presidente da empresa, Guilherme Campos, reuniu-se com as representa\u00e7\u00f5es sindicais, mesmo no emblem\u00e1tico feriado do Dia do Trabalho, para tentar chegar a um consenso.<\/p>\n<p>Conhe\u00e7a a proposta:<\/p>\n<p>&#8211; F\u00e9rias: revoga\u00e7\u00e3o, por 90 dias, da medida de suspens\u00e3o. Para os empregados que ir\u00e3o gozar as f\u00e9rias nesses 90 dias, a empresa realizar\u00e1 o pagamento dos valores at\u00e9 o teto de R$ 3,5 mil por empregado \u2013 o restante ser\u00e1 parcelado em cinco vezes;<\/p>\n<p>&#8211; Plano de sa\u00fade: os sindicatos poder\u00e3o apresentar uma contraproposta. Caso haja acordo, os Correios retirar\u00e3o a solicita\u00e7\u00e3o de media\u00e7\u00e3o que haviam feito junto ao Tribunal Superior do Trabalho (TST);<\/p>\n<p>&#8211; Opera\u00e7\u00e3o: suspens\u00e3o de novas implanta\u00e7\u00f5es da Distribui\u00e7\u00e3o Domicili\u00e1ria Alternada (DDS), do CDD centralizador e da Organiza\u00e7\u00e3o das Atividades Internas (OAI). Ser\u00e1 formada uma comiss\u00e3o para negocia\u00e7\u00e3o desses temas, que tamb\u00e9m ir\u00e1 avaliar a entrega matutina e a SD\/SDE. Os casos locais e os que apresentarem maior dificuldade ser\u00e3o prioridade na negocia\u00e7\u00e3o;<\/p>\n<p>&#8211; Dias parados: desconto referente \u00e0 sexta-feira (28). Os outros dois dias ser\u00e3o compensados.<\/p>\n<p>A empresa espera que os trabalhadores tenham bom senso na avalia\u00e7\u00e3o da nova proposta e encerrem a paralisa\u00e7\u00e3o parcial, de forma a n\u00e3o prejudicar, ainda mais, a sustentabilidade dos Correios, os pr\u00f3prios trabalhadores, suas fam\u00edlias e a sociedade brasileira.<\/p>\n","protected":false},"excerpt":{"rendered":"<p>A dire\u00e7\u00e3o dos Correios apresentou ontem, dia 1o, uma nova proposta de acordo para encerrar a paralisa\u00e7\u00e3o parcial (clique AQUI e veja a ata). O presidente da empresa, Guilherme Campos, reuniu-se com as representa\u00e7\u00f5es sindicais, mesmo no emblem\u00e1tico feriado do &hellip; <a href=\"https:\/\/blog.correios.com.br\/acordocoletivo\/?p=3351\">Continue lendo <span class=\"meta-nav\">&rarr;<\/span><\/a><\/p>\n","protected":false},"author":44,"featured_media":0,"comment_status":"open","ping_status":"open","sticky":false,"template":"","format":"standard","meta":{"footnotes":""},"categories":[29],"tags":[69,51,16,36],"class_list":["post-3351","post","type-post","status-publish","format-standard","hentry","category-negociacao-permanente","tag-act-20162017","tag-correios","tag-negociacoes-trabalhistas","tag-tst"],"_links":{"self":[{"href":"https:\/\/blog.correios.com.br\/acordocoletivo\/index.php?rest_route=\/wp\/v2\/posts\/3351","targetHints":{"allow":["GET"]}}],"collection":[{"href":"https:\/\/blog.correios.com.br\/acordocoletivo\/index.php?rest_route=\/wp\/v2\/posts"}],"about":[{"href":"https:\/\/blog.correios.com.br\/acordocoletivo\/index.php?rest_route=\/wp\/v2\/types\/post"}],"author":[{"embeddable":true,"href":"https:\/\/blog.correios.com.br\/acordocoletivo\/index.php?rest_route=\/wp\/v2\/users\/44"}],"replies":[{"embeddable":true,"href":"https:\/\/blog.correios.com.br\/acordocoletivo\/index.php?rest_route=%2Fwp%2Fv2%2Fcomments&post=3351"}],"version-history":[{"count":2,"href":"https:\/\/blog.correios.com.br\/acordocoletivo\/index.php?rest_route=\/wp\/v2\/posts\/3351\/revisions"}],"predecessor-version":[{"id":3381,"href":"https:\/\/blog.correios.com.br\/acordocoletivo\/index.php?rest_route=\/wp\/v2\/posts\/3351\/revisions\/3381"}],"wp:attachment":[{"href":"https:\/\/blog.correios.com.br\/acordocoletivo\/index.php?rest_route=%2Fwp%2Fv2%2Fmedia&parent=3351"}],"wp:term":[{"taxonomy":"category","embeddable":true,"href":"https:\/\/blog.correios.com.br\/acordocoletivo\/index.php?rest_route=%2Fwp%2Fv2%2Fcategories&post=3351"},{"taxonomy":"post_tag","embeddable":true,"href":"https:\/\/blog.correios.com.br\/acordocoletivo\/index.php?rest_route=%2Fwp%2Fv2%2Ftags&post=3351"}],"curies":[{"name":"wp","href":"https:\/\/api.w.org\/{rel}","templated":true}]}}