{"id":3391,"date":"2017-05-03T15:04:55","date_gmt":"2017-05-03T18:04:55","guid":{"rendered":"http:\/\/blog.correios.com.br\/acordocoletivo\/?p=3391"},"modified":"2017-05-03T15:04:55","modified_gmt":"2017-05-03T18:04:55","slug":"correios-tenta-mais-uma-vez-acordo-com-os-sindicatos","status":"publish","type":"post","link":"https:\/\/blog.correios.com.br\/acordocoletivo\/?p=3391","title":{"rendered":"Correios tenta mais uma vez acordo com os sindicatos"},"content":{"rendered":"<p>A dire\u00e7\u00e3o dos Correios tentou novamente, na manh\u00e3 desta quarta-feira (3), um acordo com as representa\u00e7\u00f5es sindicais dos trabalhadores para encerrar a paralisa\u00e7\u00e3o parcial iniciada \u00e0s 22h do dia 26 de abril.<\/p>\n<p>A demonstra\u00e7\u00e3o de vontade por parte da empresa ocorreu mesmo ap\u00f3s a Federa\u00e7\u00e3o Nacional dos Trabalhadores em Empresas de Correios e Tel\u00e9grafos e Similares (Fentect) ter bloqueado o acesso ao edif\u00edcio-sede da empresa em Bras\u00edlia (DF), impedindo os empregados que n\u00e3o concordam com paralisa\u00e7\u00e3o de exercer seus direitos e arriscando a pr\u00f3pria reuni\u00e3o, que j\u00e1 estava agendada desde ontem (2).<\/p>\n<p>A empresa j\u00e1 havia apresentado uma proposta no dia 1\u00ba de maio, fruto de intensa negocia\u00e7\u00e3o com as federa\u00e7\u00f5es representantes dos trabalhadores.<\/p>\n<p>Na reuni\u00e3o desta quarta-feira, o presidente dos Correios, Guilherme Campos, informou que uma nova proposta s\u00f3 poderia ser implementada caso houvesse envolvimento de todas as partes: \u201cAt\u00e9 o momento, somente a empresa tem feito novas propostas. Uma nova proposi\u00e7\u00e3o dever\u00e1 ser constru\u00edda a quatro m\u00e3os, com a participa\u00e7\u00e3o de todos, empresa e sindicatos\u201d, afirmou o dirigente.<\/p>\n<p>Cabe ressaltar que a empresa sempre esteve disposta a conversar com as representa\u00e7\u00f5es dos trabalhadores e que, embora representantes dos Correios tenham permanecido \u00e0 disposi\u00e7\u00e3o para o di\u00e1logo, os sindicatos abandonaram a reuni\u00e3o, demonstrando claramente a falta de disposi\u00e7\u00e3o em negociar.<\/p>\n<p>\u201cN\u00f3s n\u00e3o queremos entrar em conflito com os trabalhadores, em hip\u00f3tese alguma. Estamos buscando alternativas para sair dessa situa\u00e7\u00e3o, e tudo que pode ser realizado nas esferas gerencial e administrativa est\u00e1 sendo feito. Entretanto, n\u00e3o assumiremos compromissos que n\u00e3o podem ser cumpridos\u201d, complementou.<\/p>\n<p>A paralisa\u00e7\u00e3o apenas torna mais grave a atual situa\u00e7\u00e3o financeira dos Correios \u2014 nos \u00faltimos dois anos, a empresa apresentou preju\u00edzos que somam, aproximadamente, R$ 4 bilh\u00f5es, sendo que 65% desse total correspondem a despesas de pessoal. At\u00e9 o momento, a paralisa\u00e7\u00e3o, ainda que parcial, acarreta um potencial de perda de aproximadamente R$ 6,5 milh\u00f5es, por dia, aos cofres da estatal.<\/p>\n<p>A atitude dos sindicatos compromete a qualidade dos servi\u00e7os prestados aos clientes e \u00e0 popula\u00e7\u00e3o brasileira e prejudica ainda mais o processo de recupera\u00e7\u00e3o dos Correios.<\/p>\n<p>Nesta quarta-feira, \u00e0s 15h, haver\u00e1 reuni\u00e3o entre os Correios e as representa\u00e7\u00f5es sindicais no Tribunal Superior do Trabalho (TST) com o objetivo de por fim \u00e0 paralisa\u00e7\u00e3o.<\/p>\n","protected":false},"excerpt":{"rendered":"<p>A dire\u00e7\u00e3o dos Correios tentou novamente, na manh\u00e3 desta quarta-feira (3), um acordo com as representa\u00e7\u00f5es sindicais dos trabalhadores para encerrar a paralisa\u00e7\u00e3o parcial iniciada \u00e0s 22h do dia 26 de abril. A demonstra\u00e7\u00e3o de vontade por parte da empresa &hellip; <a href=\"https:\/\/blog.correios.com.br\/acordocoletivo\/?p=3391\">Continue lendo <span class=\"meta-nav\">&rarr;<\/span><\/a><\/p>\n","protected":false},"author":44,"featured_media":0,"comment_status":"open","ping_status":"open","sticky":false,"template":"","format":"standard","meta":{"footnotes":""},"categories":[29],"tags":[6,51,16,26,36],"class_list":["post-3391","post","type-post","status-publish","format-standard","hentry","category-negociacao-permanente","tag-acordo-coletivo","tag-correios","tag-negociacoes-trabalhistas","tag-representacoes-sindicais","tag-tst"],"_links":{"self":[{"href":"https:\/\/blog.correios.com.br\/acordocoletivo\/index.php?rest_route=\/wp\/v2\/posts\/3391","targetHints":{"allow":["GET"]}}],"collection":[{"href":"https:\/\/blog.correios.com.br\/acordocoletivo\/index.php?rest_route=\/wp\/v2\/posts"}],"about":[{"href":"https:\/\/blog.correios.com.br\/acordocoletivo\/index.php?rest_route=\/wp\/v2\/types\/post"}],"author":[{"embeddable":true,"href":"https:\/\/blog.correios.com.br\/acordocoletivo\/index.php?rest_route=\/wp\/v2\/users\/44"}],"replies":[{"embeddable":true,"href":"https:\/\/blog.correios.com.br\/acordocoletivo\/index.php?rest_route=%2Fwp%2Fv2%2Fcomments&post=3391"}],"version-history":[{"count":1,"href":"https:\/\/blog.correios.com.br\/acordocoletivo\/index.php?rest_route=\/wp\/v2\/posts\/3391\/revisions"}],"predecessor-version":[{"id":3401,"href":"https:\/\/blog.correios.com.br\/acordocoletivo\/index.php?rest_route=\/wp\/v2\/posts\/3391\/revisions\/3401"}],"wp:attachment":[{"href":"https:\/\/blog.correios.com.br\/acordocoletivo\/index.php?rest_route=%2Fwp%2Fv2%2Fmedia&parent=3391"}],"wp:term":[{"taxonomy":"category","embeddable":true,"href":"https:\/\/blog.correios.com.br\/acordocoletivo\/index.php?rest_route=%2Fwp%2Fv2%2Fcategories&post=3391"},{"taxonomy":"post_tag","embeddable":true,"href":"https:\/\/blog.correios.com.br\/acordocoletivo\/index.php?rest_route=%2Fwp%2Fv2%2Ftags&post=3391"}],"curies":[{"name":"wp","href":"https:\/\/api.w.org\/{rel}","templated":true}]}}