{"id":3411,"date":"2017-05-04T09:52:56","date_gmt":"2017-05-04T12:52:56","guid":{"rendered":"http:\/\/blog.correios.com.br\/acordocoletivo\/?p=3411"},"modified":"2017-05-04T09:52:56","modified_gmt":"2017-05-04T12:52:56","slug":"nova-proposta-de-mediacao-e-apresentada-no-tst","status":"publish","type":"post","link":"https:\/\/blog.correios.com.br\/acordocoletivo\/?p=3411","title":{"rendered":"Nova proposta de media\u00e7\u00e3o \u00e9 apresentada no TST"},"content":{"rendered":"<p>Em reuni\u00e3o de media\u00e7\u00e3o ocorrida na tarde de ontem, dia 3, o ministro vice-presidente do Tribunal Superior do Trabalho (TST), Emmanoel Pereira, fez uma proposta para que os empregados dos Correios que aderiram \u00e0 paralisa\u00e7\u00e3o voltem ao trabalho.<\/p>\n<p>A proposta contempla os seguintes pontos:<\/p>\n<p>&#8211;\u00a0<strong>F\u00e9rias:\u00a0<\/strong>Parcelamento dos pagamentos acima de R$ 3,5 mil, com a revoga\u00e7\u00e3o da suspens\u00e3o nos meses de maio a dezembro de 2017. O parcelamento ser\u00e1 apenas do que exceder a RS 3,5 mil, dividido em 5 vezes;<\/p>\n<p>&#8211;\u00a0<strong>Plano de Sa\u00fade:<\/strong>\u00a0Enquanto houver media\u00e7\u00e3o no TST, a empresa n\u00e3o judicializa o assunto;<\/p>\n<p>&#8211;\u00a0<strong>Dias de Greve:\u00a0<\/strong>O TST prop\u00f4s que haja o desconto de dois dias e compensa\u00e7\u00e3o dos demais. Hoje ser\u00e1 realizada uma reuni\u00e3o, \u00e0s 9h30, para discutir o assunto, sendo que a empresa \u00e9 favor\u00e1vel ao desconto total dos dias de paralisa\u00e7\u00e3o.<\/p>\n<p>A empresa confia no bom senso de seus empregados para encerrar a paralisa\u00e7\u00e3o parcial, de forma a n\u00e3o prejudicar, ainda mais, sua sustentabilidade e a qualidade dos servi\u00e7os prestados \u00e0 popula\u00e7\u00e3o.<\/p>\n","protected":false},"excerpt":{"rendered":"<p>Em reuni\u00e3o de media\u00e7\u00e3o ocorrida na tarde de ontem, dia 3, o ministro vice-presidente do Tribunal Superior do Trabalho (TST), Emmanoel Pereira, fez uma proposta para que os empregados dos Correios que aderiram \u00e0 paralisa\u00e7\u00e3o voltem ao trabalho. A proposta &hellip; <a href=\"https:\/\/blog.correios.com.br\/acordocoletivo\/?p=3411\">Continue lendo <span class=\"meta-nav\">&rarr;<\/span><\/a><\/p>\n","protected":false},"author":44,"featured_media":0,"comment_status":"open","ping_status":"open","sticky":false,"template":"","format":"standard","meta":{"footnotes":""},"categories":[29],"tags":[6,51,101,16,36],"class_list":["post-3411","post","type-post","status-publish","format-standard","hentry","category-negociacao-permanente","tag-acordo-coletivo","tag-correios","tag-greve","tag-negociacoes-trabalhistas","tag-tst"],"_links":{"self":[{"href":"https:\/\/blog.correios.com.br\/acordocoletivo\/index.php?rest_route=\/wp\/v2\/posts\/3411","targetHints":{"allow":["GET"]}}],"collection":[{"href":"https:\/\/blog.correios.com.br\/acordocoletivo\/index.php?rest_route=\/wp\/v2\/posts"}],"about":[{"href":"https:\/\/blog.correios.com.br\/acordocoletivo\/index.php?rest_route=\/wp\/v2\/types\/post"}],"author":[{"embeddable":true,"href":"https:\/\/blog.correios.com.br\/acordocoletivo\/index.php?rest_route=\/wp\/v2\/users\/44"}],"replies":[{"embeddable":true,"href":"https:\/\/blog.correios.com.br\/acordocoletivo\/index.php?rest_route=%2Fwp%2Fv2%2Fcomments&post=3411"}],"version-history":[{"count":1,"href":"https:\/\/blog.correios.com.br\/acordocoletivo\/index.php?rest_route=\/wp\/v2\/posts\/3411\/revisions"}],"predecessor-version":[{"id":3421,"href":"https:\/\/blog.correios.com.br\/acordocoletivo\/index.php?rest_route=\/wp\/v2\/posts\/3411\/revisions\/3421"}],"wp:attachment":[{"href":"https:\/\/blog.correios.com.br\/acordocoletivo\/index.php?rest_route=%2Fwp%2Fv2%2Fmedia&parent=3411"}],"wp:term":[{"taxonomy":"category","embeddable":true,"href":"https:\/\/blog.correios.com.br\/acordocoletivo\/index.php?rest_route=%2Fwp%2Fv2%2Fcategories&post=3411"},{"taxonomy":"post_tag","embeddable":true,"href":"https:\/\/blog.correios.com.br\/acordocoletivo\/index.php?rest_route=%2Fwp%2Fv2%2Ftags&post=3411"}],"curies":[{"name":"wp","href":"https:\/\/api.w.org\/{rel}","templated":true}]}}