{"id":3431,"date":"2017-05-04T16:01:57","date_gmt":"2017-05-04T19:01:57","guid":{"rendered":"http:\/\/blog.correios.com.br\/acordocoletivo\/?p=3431"},"modified":"2017-05-04T16:01:57","modified_gmt":"2017-05-04T19:01:57","slug":"reuniao-define-nova-proposta-para-encerrar-paralisacao-dos-trabalhadores","status":"publish","type":"post","link":"https:\/\/blog.correios.com.br\/acordocoletivo\/?p=3431","title":{"rendered":"Reuni\u00e3o define nova proposta para encerrar paralisa\u00e7\u00e3o dos trabalhadores"},"content":{"rendered":"<p>Em reuni\u00e3o ocorrida hoje, dia 4, em Bras\u00edlia, Correios e federa\u00e7\u00f5es representantes dos trabalhadores chegaram a uma nova proposta para o encerramento da paralisa\u00e7\u00e3o parcial dos empregados.<\/p>\n<p>Confira os principais pontos da proposta:<\/p>\n<p>&#8211; Reabertura do PDI, caso aprovado pela SEST e demais \u00f3rg\u00e3os competentes, para fins de evitar a possibilidade de demiss\u00e3o motivada em massa;<\/p>\n<p>&#8211; Suspens\u00e3o da medida relativa \u00e0s f\u00e9rias nos meses de maio e junho de 2017 e reavalia\u00e7\u00e3o com 30 e 60 dias;<\/p>\n<p>&#8211; Suspens\u00e3o de novas implanta\u00e7\u00f5es de DDA, OAI e CDD Centralizador. O assunto ser\u00e1 tratado em comiss\u00e3o a ser criada para avalia\u00e7\u00e3o dos casos onde est\u00e3o ocorrendo problemas, buscando solu\u00e7\u00f5es para os temas. Al\u00e9m destes assuntos ser\u00e3o discutidos seguran\u00e7a do trabalhador (atendimento e distribui\u00e7\u00e3o), entrega matutina e SD\/SDE;<\/p>\n<p>&#8211; Compensa\u00e7\u00e3o no prazo de 60 dias, a partir de 6 de maio de 2017. Confira com o seu gestor qual \u00e9 a forma de compensa\u00e7\u00e3o. A proposta n\u00e3o \u00e9 v\u00e1lida para o dia 28 de abril, que ser\u00e1 descontado dos empregados que participaram do movimento de greve;<\/p>\n<p>&#8211; Enquanto n\u00e3o houver o encerramento da media\u00e7\u00e3o do Plano de Sa\u00fade dos Correios no TST, a empresa n\u00e3o judicializar\u00e1 o assunto.<\/p>\n<p>Ressalta-se que esta proposta s\u00f3 ter\u00e1 validade com o retorno das atividades a partir de 22h de hoje.<\/p>\n<p>A empresa confia no bom senso de seus empregados para encerrar a paralisa\u00e7\u00e3o parcial, de forma a n\u00e3o prejudicar, ainda mais, sua sustentabilidade e a qualidade dos servi\u00e7os prestados \u00e0 popula\u00e7\u00e3o.<\/p>\n<p>Clique <a href=\"https:\/\/blog.correios.com.br\/acordocoletivo\/wp-content\/uploads\/2017\/05\/ATA-4.05.2017.pdf\" target=\"_blank\">AQUI<\/a> e veja a ata da reuni\u00e3o com a proposta.<\/p>\n","protected":false},"excerpt":{"rendered":"<p>Em reuni\u00e3o ocorrida hoje, dia 4, em Bras\u00edlia, Correios e federa\u00e7\u00f5es representantes dos trabalhadores chegaram a uma nova proposta para o encerramento da paralisa\u00e7\u00e3o parcial dos empregados. Confira os principais pontos da proposta: &#8211; Reabertura do PDI, caso aprovado pela &hellip; <a href=\"https:\/\/blog.correios.com.br\/acordocoletivo\/?p=3431\">Continue lendo <span class=\"meta-nav\">&rarr;<\/span><\/a><\/p>\n","protected":false},"author":44,"featured_media":0,"comment_status":"open","ping_status":"open","sticky":false,"template":"","format":"standard","meta":{"footnotes":""},"categories":[29],"tags":[6,51,101,16,36],"class_list":["post-3431","post","type-post","status-publish","format-standard","hentry","category-negociacao-permanente","tag-acordo-coletivo","tag-correios","tag-greve","tag-negociacoes-trabalhistas","tag-tst"],"_links":{"self":[{"href":"https:\/\/blog.correios.com.br\/acordocoletivo\/index.php?rest_route=\/wp\/v2\/posts\/3431","targetHints":{"allow":["GET"]}}],"collection":[{"href":"https:\/\/blog.correios.com.br\/acordocoletivo\/index.php?rest_route=\/wp\/v2\/posts"}],"about":[{"href":"https:\/\/blog.correios.com.br\/acordocoletivo\/index.php?rest_route=\/wp\/v2\/types\/post"}],"author":[{"embeddable":true,"href":"https:\/\/blog.correios.com.br\/acordocoletivo\/index.php?rest_route=\/wp\/v2\/users\/44"}],"replies":[{"embeddable":true,"href":"https:\/\/blog.correios.com.br\/acordocoletivo\/index.php?rest_route=%2Fwp%2Fv2%2Fcomments&post=3431"}],"version-history":[{"count":2,"href":"https:\/\/blog.correios.com.br\/acordocoletivo\/index.php?rest_route=\/wp\/v2\/posts\/3431\/revisions"}],"predecessor-version":[{"id":3461,"href":"https:\/\/blog.correios.com.br\/acordocoletivo\/index.php?rest_route=\/wp\/v2\/posts\/3431\/revisions\/3461"}],"wp:attachment":[{"href":"https:\/\/blog.correios.com.br\/acordocoletivo\/index.php?rest_route=%2Fwp%2Fv2%2Fmedia&parent=3431"}],"wp:term":[{"taxonomy":"category","embeddable":true,"href":"https:\/\/blog.correios.com.br\/acordocoletivo\/index.php?rest_route=%2Fwp%2Fv2%2Fcategories&post=3431"},{"taxonomy":"post_tag","embeddable":true,"href":"https:\/\/blog.correios.com.br\/acordocoletivo\/index.php?rest_route=%2Fwp%2Fv2%2Ftags&post=3431"}],"curies":[{"name":"wp","href":"https:\/\/api.w.org\/{rel}","templated":true}]}}