{"id":3471,"date":"2017-05-05T17:52:30","date_gmt":"2017-05-05T20:52:30","guid":{"rendered":"http:\/\/blog.correios.com.br\/acordocoletivo\/?p=3471"},"modified":"2017-05-05T17:52:30","modified_gmt":"2017-05-05T20:52:30","slug":"desconto-dos-dias-parados","status":"publish","type":"post","link":"https:\/\/blog.correios.com.br\/acordocoletivo\/?p=3471","title":{"rendered":"Desconto dos dias parados"},"content":{"rendered":"<p>Considerando que a proposta da empresa, apresentada ontem (4) n\u00e3o foi aprovada e, em algumas localidades, sequer foi submetida \u00e0 assembleia, os Correios v\u00e3o descontar os dias parados, para as bases sindicais que permanecem em greve, na pr\u00f3xima folha de pagamento e tamb\u00e9m efetuar\u00e1 os descontos dos Vales Alimenta\u00e7\u00e3o\/Refei\u00e7\u00e3o que ser\u00e3o creditados no pr\u00f3ximo dia 12 de maio.<\/p>\n<p>Para minimizar os impactos da paralisa\u00e7\u00e3o, neste s\u00e1bado (6) e domingo (7), as diretorias regionais que continuam em greve promover\u00e3o mutir\u00f5es para entrega de objetos postais. Os empregados interessados em participar dos mutir\u00f5es dever\u00e3o procurar o gestor operacional da regional para receber as orienta\u00e7\u00f5es. O pessoal administrativo pode trabalhar mediante concess\u00e3o de folga compensat\u00f3ria, conforme necessidade local e autoriza\u00e7\u00e3o da chefia imediata.<\/p>\n<p>O direito de greve \u00e9 assegurado pela legisla\u00e7\u00e3o, mas acarreta suspens\u00e3o do contrato de trabalho, trazendo consequ\u00eancias no pagamento da remunera\u00e7\u00e3o e dos benef\u00edcios.<\/p>\n","protected":false},"excerpt":{"rendered":"<p>Considerando que a proposta da empresa, apresentada ontem (4) n\u00e3o foi aprovada e, em algumas localidades, sequer foi submetida \u00e0 assembleia, os Correios v\u00e3o descontar os dias parados, para as bases sindicais que permanecem em greve, na pr\u00f3xima folha de &hellip; <a href=\"https:\/\/blog.correios.com.br\/acordocoletivo\/?p=3471\">Continue lendo <span class=\"meta-nav\">&rarr;<\/span><\/a><\/p>\n","protected":false},"author":44,"featured_media":0,"comment_status":"open","ping_status":"open","sticky":false,"template":"","format":"standard","meta":{"footnotes":""},"categories":[29],"tags":[6,51,101,16],"class_list":["post-3471","post","type-post","status-publish","format-standard","hentry","category-negociacao-permanente","tag-acordo-coletivo","tag-correios","tag-greve","tag-negociacoes-trabalhistas"],"_links":{"self":[{"href":"https:\/\/blog.correios.com.br\/acordocoletivo\/index.php?rest_route=\/wp\/v2\/posts\/3471","targetHints":{"allow":["GET"]}}],"collection":[{"href":"https:\/\/blog.correios.com.br\/acordocoletivo\/index.php?rest_route=\/wp\/v2\/posts"}],"about":[{"href":"https:\/\/blog.correios.com.br\/acordocoletivo\/index.php?rest_route=\/wp\/v2\/types\/post"}],"author":[{"embeddable":true,"href":"https:\/\/blog.correios.com.br\/acordocoletivo\/index.php?rest_route=\/wp\/v2\/users\/44"}],"replies":[{"embeddable":true,"href":"https:\/\/blog.correios.com.br\/acordocoletivo\/index.php?rest_route=%2Fwp%2Fv2%2Fcomments&post=3471"}],"version-history":[{"count":1,"href":"https:\/\/blog.correios.com.br\/acordocoletivo\/index.php?rest_route=\/wp\/v2\/posts\/3471\/revisions"}],"predecessor-version":[{"id":3481,"href":"https:\/\/blog.correios.com.br\/acordocoletivo\/index.php?rest_route=\/wp\/v2\/posts\/3471\/revisions\/3481"}],"wp:attachment":[{"href":"https:\/\/blog.correios.com.br\/acordocoletivo\/index.php?rest_route=%2Fwp%2Fv2%2Fmedia&parent=3471"}],"wp:term":[{"taxonomy":"category","embeddable":true,"href":"https:\/\/blog.correios.com.br\/acordocoletivo\/index.php?rest_route=%2Fwp%2Fv2%2Fcategories&post=3471"},{"taxonomy":"post_tag","embeddable":true,"href":"https:\/\/blog.correios.com.br\/acordocoletivo\/index.php?rest_route=%2Fwp%2Fv2%2Ftags&post=3471"}],"curies":[{"name":"wp","href":"https:\/\/api.w.org\/{rel}","templated":true}]}}