{"id":3491,"date":"2017-05-09T09:52:23","date_gmt":"2017-05-09T12:52:23","guid":{"rendered":"http:\/\/blog.correios.com.br\/acordocoletivo\/?p=3491"},"modified":"2017-05-09T10:30:49","modified_gmt":"2017-05-09T13:30:49","slug":"fim-da-greve-e-retorno-ao-trabalho","status":"publish","type":"post","link":"https:\/\/blog.correios.com.br\/acordocoletivo\/?p=3491","title":{"rendered":"Fim da greve e retorno ao trabalho"},"content":{"rendered":"<p>Ontem, dia 8, a maior parte dos trabalhadores dos Correios que havia aderido \u00e0 paralisa\u00e7\u00e3o parcial decidiu em assembleias retornar \u00e0s atividades.<\/p>\n<p>Dos 23 sindicatos que se reuniram ontem, 21 decidiram encerrar o movimento paredista. Nas bases sindicais de Santa Catarina e de Santa Maria (RS), os empregados decidiram continuar a paralisa\u00e7\u00e3o, no entanto, ter\u00e3o de cumprir decis\u00e3o do Tribunal Superior do Trabalho (TST) de manter o m\u00ednimo de 80% do efetivo em cada unidade. No Acre, a assembleia ser\u00e1 realizada apenas hoje, dia 9.<\/p>\n<p>No fim de semana, o mutir\u00e3o de entrega envolveu cerca de 12 mil trabalhadores, que triaram 14,4 milh\u00f5es de cartas e encomendas e entregaram 5,7 milh\u00f5es de objetos.<\/p>\n","protected":false},"excerpt":{"rendered":"<p>Ontem, dia 8, a maior parte dos trabalhadores dos Correios que havia aderido \u00e0 paralisa\u00e7\u00e3o parcial decidiu em assembleias retornar \u00e0s atividades. Dos 23 sindicatos que se reuniram ontem, 21 decidiram encerrar o movimento paredista. Nas bases sindicais de Santa &hellip; <a href=\"https:\/\/blog.correios.com.br\/acordocoletivo\/?p=3491\">Continue lendo <span class=\"meta-nav\">&rarr;<\/span><\/a><\/p>\n","protected":false},"author":44,"featured_media":0,"comment_status":"open","ping_status":"open","sticky":false,"template":"","format":"standard","meta":{"footnotes":""},"categories":[29],"tags":[6,51,101,16,36],"class_list":["post-3491","post","type-post","status-publish","format-standard","hentry","category-negociacao-permanente","tag-acordo-coletivo","tag-correios","tag-greve","tag-negociacoes-trabalhistas","tag-tst"],"_links":{"self":[{"href":"https:\/\/blog.correios.com.br\/acordocoletivo\/index.php?rest_route=\/wp\/v2\/posts\/3491","targetHints":{"allow":["GET"]}}],"collection":[{"href":"https:\/\/blog.correios.com.br\/acordocoletivo\/index.php?rest_route=\/wp\/v2\/posts"}],"about":[{"href":"https:\/\/blog.correios.com.br\/acordocoletivo\/index.php?rest_route=\/wp\/v2\/types\/post"}],"author":[{"embeddable":true,"href":"https:\/\/blog.correios.com.br\/acordocoletivo\/index.php?rest_route=\/wp\/v2\/users\/44"}],"replies":[{"embeddable":true,"href":"https:\/\/blog.correios.com.br\/acordocoletivo\/index.php?rest_route=%2Fwp%2Fv2%2Fcomments&post=3491"}],"version-history":[{"count":2,"href":"https:\/\/blog.correios.com.br\/acordocoletivo\/index.php?rest_route=\/wp\/v2\/posts\/3491\/revisions"}],"predecessor-version":[{"id":3511,"href":"https:\/\/blog.correios.com.br\/acordocoletivo\/index.php?rest_route=\/wp\/v2\/posts\/3491\/revisions\/3511"}],"wp:attachment":[{"href":"https:\/\/blog.correios.com.br\/acordocoletivo\/index.php?rest_route=%2Fwp%2Fv2%2Fmedia&parent=3491"}],"wp:term":[{"taxonomy":"category","embeddable":true,"href":"https:\/\/blog.correios.com.br\/acordocoletivo\/index.php?rest_route=%2Fwp%2Fv2%2Fcategories&post=3491"},{"taxonomy":"post_tag","embeddable":true,"href":"https:\/\/blog.correios.com.br\/acordocoletivo\/index.php?rest_route=%2Fwp%2Fv2%2Ftags&post=3491"}],"curies":[{"name":"wp","href":"https:\/\/api.w.org\/{rel}","templated":true}]}}