{"id":3641,"date":"2017-07-19T09:49:27","date_gmt":"2017-07-19T12:49:27","guid":{"rendered":"http:\/\/blog.correios.com.br\/acordocoletivo\/?p=3641"},"modified":"2017-07-19T09:49:27","modified_gmt":"2017-07-19T12:49:27","slug":"act-20172018","status":"publish","type":"post","link":"https:\/\/blog.correios.com.br\/acordocoletivo\/?p=3641","title":{"rendered":"ACT 2017\/2018"},"content":{"rendered":"<p>Conforme convite realizado \u00e0s federa\u00e7\u00f5es, hoje, dia 19, est\u00e1 marcada reuni\u00e3o para o recebimento da pauta de reivindica\u00e7\u00f5es para dar in\u00edcio \u00e0s negocia\u00e7\u00f5es do Acordo Coletivo de Trabalho 2017\/2018. A pedido da Fentect, a entrega da pauta desta federa\u00e7\u00e3o ser\u00e1 no pr\u00f3ximo dia 27.<\/p>\n<p>Considerando o cen\u00e1rio delicado da empresa, a empresa aguarda uma negocia\u00e7\u00e3o pautada na transpar\u00eancia e no bom senso, que leve a um acordo satisfat\u00f3rio tanto para a organiza\u00e7\u00e3o quanto para os trabalhadores. Acompanhe todo o processo por este Blog dos Correios &#8211; Negocia\u00e7\u00e3o Permanente.<\/p>\n","protected":false},"excerpt":{"rendered":"<p>Conforme convite realizado \u00e0s federa\u00e7\u00f5es, hoje, dia 19, est\u00e1 marcada reuni\u00e3o para o recebimento da pauta de reivindica\u00e7\u00f5es para dar in\u00edcio \u00e0s negocia\u00e7\u00f5es do Acordo Coletivo de Trabalho 2017\/2018. A pedido da Fentect, a entrega da pauta desta federa\u00e7\u00e3o ser\u00e1 &hellip; <a href=\"https:\/\/blog.correios.com.br\/acordocoletivo\/?p=3641\">Continue lendo <span class=\"meta-nav\">&rarr;<\/span><\/a><\/p>\n","protected":false},"author":44,"featured_media":0,"comment_status":"open","ping_status":"open","sticky":false,"template":"","format":"standard","meta":{"footnotes":""},"categories":[29],"tags":[111,51,16],"class_list":["post-3641","post","type-post","status-publish","format-standard","hentry","category-negociacao-permanente","tag-act-20172018","tag-correios","tag-negociacoes-trabalhistas"],"_links":{"self":[{"href":"https:\/\/blog.correios.com.br\/acordocoletivo\/index.php?rest_route=\/wp\/v2\/posts\/3641","targetHints":{"allow":["GET"]}}],"collection":[{"href":"https:\/\/blog.correios.com.br\/acordocoletivo\/index.php?rest_route=\/wp\/v2\/posts"}],"about":[{"href":"https:\/\/blog.correios.com.br\/acordocoletivo\/index.php?rest_route=\/wp\/v2\/types\/post"}],"author":[{"embeddable":true,"href":"https:\/\/blog.correios.com.br\/acordocoletivo\/index.php?rest_route=\/wp\/v2\/users\/44"}],"replies":[{"embeddable":true,"href":"https:\/\/blog.correios.com.br\/acordocoletivo\/index.php?rest_route=%2Fwp%2Fv2%2Fcomments&post=3641"}],"version-history":[{"count":1,"href":"https:\/\/blog.correios.com.br\/acordocoletivo\/index.php?rest_route=\/wp\/v2\/posts\/3641\/revisions"}],"predecessor-version":[{"id":3651,"href":"https:\/\/blog.correios.com.br\/acordocoletivo\/index.php?rest_route=\/wp\/v2\/posts\/3641\/revisions\/3651"}],"wp:attachment":[{"href":"https:\/\/blog.correios.com.br\/acordocoletivo\/index.php?rest_route=%2Fwp%2Fv2%2Fmedia&parent=3641"}],"wp:term":[{"taxonomy":"category","embeddable":true,"href":"https:\/\/blog.correios.com.br\/acordocoletivo\/index.php?rest_route=%2Fwp%2Fv2%2Fcategories&post=3641"},{"taxonomy":"post_tag","embeddable":true,"href":"https:\/\/blog.correios.com.br\/acordocoletivo\/index.php?rest_route=%2Fwp%2Fv2%2Ftags&post=3641"}],"curies":[{"name":"wp","href":"https:\/\/api.w.org\/{rel}","templated":true}]}}