{"id":3681,"date":"2017-07-25T12:48:02","date_gmt":"2017-07-25T15:48:02","guid":{"rendered":"http:\/\/blog.correios.com.br\/acordocoletivo\/?p=3681"},"modified":"2017-07-25T12:48:02","modified_gmt":"2017-07-25T15:48:02","slug":"reuniao-dos-correios-com-findect-e-sintect-ma","status":"publish","type":"post","link":"https:\/\/blog.correios.com.br\/acordocoletivo\/?p=3681","title":{"rendered":"Reuni\u00e3o dos Correios com Findect e Sintect-MA"},"content":{"rendered":"<p>Nos dias 21 e 22 de julho, no Maranh\u00e3o, representantes da Vice-presid\u00eancia de Gest\u00e3o de Pessoas e da Superintend\u00eancia Estadual se reuniram com Findect e Sintect-MA para discutirem as melhorias das condi\u00e7\u00f5es de trabalho nas unidades da regi\u00e3o.<\/p>\n<p>No encontro, o Vice-presidente Heli Siqueira destacou a import\u00e2ncia das partes atuarem unidas buscando a otimiza\u00e7\u00e3o dos resultados da empresa com avan\u00e7os no ambiente de trabalho. Logo ap\u00f3s a reuni\u00e3o, representantes dos Correios e dos empregados fizeram visitas \u00e0s unidades CEE e CTE S\u00e3o Lu\u00eds, Complexo Outeiro da Cruz e CDD S\u00e3o Jos\u00e9 de Ribamar registrando as sugest\u00f5es e observando pontos onde a empresa pode aprimorar processos operacionais.<\/p>\n<p>Manuten\u00e7\u00e3o de ve\u00edculos, plano de sa\u00fade e seguran\u00e7a na SE\/MA tamb\u00e9m foram assuntos debatidos e registrados na reuni\u00e3o.<\/p>\n","protected":false},"excerpt":{"rendered":"<p>Nos dias 21 e 22 de julho, no Maranh\u00e3o, representantes da Vice-presid\u00eancia de Gest\u00e3o de Pessoas e da Superintend\u00eancia Estadual se reuniram com Findect e Sintect-MA para discutirem as melhorias das condi\u00e7\u00f5es de trabalho nas unidades da regi\u00e3o. No encontro, &hellip; <a href=\"https:\/\/blog.correios.com.br\/acordocoletivo\/?p=3681\">Continue lendo <span class=\"meta-nav\">&rarr;<\/span><\/a><\/p>\n","protected":false},"author":44,"featured_media":0,"comment_status":"open","ping_status":"open","sticky":false,"template":"","format":"standard","meta":{"footnotes":""},"categories":[29],"tags":[51,91],"class_list":["post-3681","post","type-post","status-publish","format-standard","hentry","category-negociacao-permanente","tag-correios","tag-negociacao-permanente"],"_links":{"self":[{"href":"https:\/\/blog.correios.com.br\/acordocoletivo\/index.php?rest_route=\/wp\/v2\/posts\/3681","targetHints":{"allow":["GET"]}}],"collection":[{"href":"https:\/\/blog.correios.com.br\/acordocoletivo\/index.php?rest_route=\/wp\/v2\/posts"}],"about":[{"href":"https:\/\/blog.correios.com.br\/acordocoletivo\/index.php?rest_route=\/wp\/v2\/types\/post"}],"author":[{"embeddable":true,"href":"https:\/\/blog.correios.com.br\/acordocoletivo\/index.php?rest_route=\/wp\/v2\/users\/44"}],"replies":[{"embeddable":true,"href":"https:\/\/blog.correios.com.br\/acordocoletivo\/index.php?rest_route=%2Fwp%2Fv2%2Fcomments&post=3681"}],"version-history":[{"count":1,"href":"https:\/\/blog.correios.com.br\/acordocoletivo\/index.php?rest_route=\/wp\/v2\/posts\/3681\/revisions"}],"predecessor-version":[{"id":3691,"href":"https:\/\/blog.correios.com.br\/acordocoletivo\/index.php?rest_route=\/wp\/v2\/posts\/3681\/revisions\/3691"}],"wp:attachment":[{"href":"https:\/\/blog.correios.com.br\/acordocoletivo\/index.php?rest_route=%2Fwp%2Fv2%2Fmedia&parent=3681"}],"wp:term":[{"taxonomy":"category","embeddable":true,"href":"https:\/\/blog.correios.com.br\/acordocoletivo\/index.php?rest_route=%2Fwp%2Fv2%2Fcategories&post=3681"},{"taxonomy":"post_tag","embeddable":true,"href":"https:\/\/blog.correios.com.br\/acordocoletivo\/index.php?rest_route=%2Fwp%2Fv2%2Ftags&post=3681"}],"curies":[{"name":"wp","href":"https:\/\/api.w.org\/{rel}","templated":true}]}}