{"id":3701,"date":"2017-07-27T17:19:47","date_gmt":"2017-07-27T20:19:47","guid":{"rendered":"http:\/\/blog.correios.com.br\/acordocoletivo\/?p=3701"},"modified":"2017-08-04T12:03:02","modified_gmt":"2017-08-04T15:03:02","slug":"act-20172018-entrega-da-pauta-de-reivindicacoes","status":"publish","type":"post","link":"https:\/\/blog.correios.com.br\/acordocoletivo\/?p=3701","title":{"rendered":"ACT 2017\/2018 &#8211; Entrega das pautas de reivindica\u00e7\u00f5es"},"content":{"rendered":"<p>Na tarde de hoje, dia 27, o presidente dos Correios, Guilherme Campos, acompanhado do vice-presidente de Gest\u00e3o Estrat\u00e9gica de Pessoas, Heli Siqueira, e do gerente de Rela\u00e7\u00f5es do Trabalho, Fagner Rodrigues, recebeu a pauta de reivindica\u00e7\u00f5es da Fentect. No \u00faltimo dia 19, a Findect j\u00e1 havia entregue a sua pauta. A documenta\u00e7\u00e3o ser\u00e1 analisada pela empresa para o in\u00edcio das negocia\u00e7\u00f5es do Acordo Coletivo de Trabalho 2017\/2018. O primeiro encontro est\u00e1 previsto para o dia 8 de agosto.<\/p>\n<p>Ao receber as pautas, o presidente chamou a aten\u00e7\u00e3o para a import\u00e2ncia da negocia\u00e7\u00e3o neste ano, dizendo que a responsabilidade de todos nesta campanha salarial \u00e9 essencial, j\u00e1 que a empresa evoluiu bastante desde o \u00faltimo acordo.<\/p>\n<p>Campos tamb\u00e9m ressaltou que a empresa est\u00e1 buscando alternativas para se sustentar, e, portanto, fechar um acordo que seja bom para a empresa e para os trabalhadores \u00e9 essencial para conseguir reverter o cen\u00e1rio financeiro dos Correios.<\/p>\n<p>Acompanhe todas as informa\u00e7\u00f5es sobre a negocia\u00e7\u00e3o do ACT nos informativos dos Correios e tamb\u00e9m neste Blog da Negocia\u00e7\u00e3o Permanente.<\/p>\n<p>Clique e veja as pautas das Federa\u00e7\u00f5es:<\/p>\n<p><a href=\"https:\/\/blog.correios.com.br\/acordocoletivo\/wp-content\/uploads\/2017\/07\/PAUTA_NACIONAL_DE_REIVINDICA\u00c7\u00d5ES_2017_FENTECT.pdf\" target=\"_blank\">Fentect<\/a><\/p>\n<p>Findect &#8211; <a href=\"https:\/\/blog.correios.com.br\/acordocoletivo\/wp-content\/uploads\/2017\/08\/10-Proposta-da-FINDECT_Parte1.pdf\" target=\"_blank\">Parte 1<\/a>; <a href=\"https:\/\/blog.correios.com.br\/acordocoletivo\/wp-content\/uploads\/2017\/08\/10-Proposta-da-FINDECT_Parte2.pdf\" target=\"_blank\">Parte 2<\/a>; <a href=\"https:\/\/blog.correios.com.br\/acordocoletivo\/wp-content\/uploads\/2017\/08\/10-Proposta-da-FINDECT_Parte3.pdf\" target=\"_blank\">Parte 3<\/a>; <a href=\"https:\/\/blog.correios.com.br\/acordocoletivo\/wp-content\/uploads\/2017\/08\/10-Proposta-da-FINDECT_Parte4.pdf\" target=\"_blank\">Parte 4<\/a>; <a href=\"https:\/\/blog.correios.com.br\/acordocoletivo\/wp-content\/uploads\/2017\/08\/10-Proposta-da-FINDECT_Parte5.pdf\" target=\"_blank\">Parte 5<\/a>; <a href=\"https:\/\/blog.correios.com.br\/acordocoletivo\/wp-content\/uploads\/2017\/08\/10-Proposta-da-FINDECT_Parte6.pdf\" target=\"_blank\">Parte 6<\/a><\/p>\n","protected":false},"excerpt":{"rendered":"<p>Na tarde de hoje, dia 27, o presidente dos Correios, Guilherme Campos, acompanhado do vice-presidente de Gest\u00e3o Estrat\u00e9gica de Pessoas, Heli Siqueira, e do gerente de Rela\u00e7\u00f5es do Trabalho, Fagner Rodrigues, recebeu a pauta de reivindica\u00e7\u00f5es da Fentect. No \u00faltimo &hellip; <a href=\"https:\/\/blog.correios.com.br\/acordocoletivo\/?p=3701\">Continue lendo <span class=\"meta-nav\">&rarr;<\/span><\/a><\/p>\n","protected":false},"author":44,"featured_media":0,"comment_status":"open","ping_status":"open","sticky":false,"template":"","format":"standard","meta":{"footnotes":""},"categories":[29],"tags":[111,51,16],"class_list":["post-3701","post","type-post","status-publish","format-standard","hentry","category-negociacao-permanente","tag-act-20172018","tag-correios","tag-negociacoes-trabalhistas"],"_links":{"self":[{"href":"https:\/\/blog.correios.com.br\/acordocoletivo\/index.php?rest_route=\/wp\/v2\/posts\/3701","targetHints":{"allow":["GET"]}}],"collection":[{"href":"https:\/\/blog.correios.com.br\/acordocoletivo\/index.php?rest_route=\/wp\/v2\/posts"}],"about":[{"href":"https:\/\/blog.correios.com.br\/acordocoletivo\/index.php?rest_route=\/wp\/v2\/types\/post"}],"author":[{"embeddable":true,"href":"https:\/\/blog.correios.com.br\/acordocoletivo\/index.php?rest_route=\/wp\/v2\/users\/44"}],"replies":[{"embeddable":true,"href":"https:\/\/blog.correios.com.br\/acordocoletivo\/index.php?rest_route=%2Fwp%2Fv2%2Fcomments&post=3701"}],"version-history":[{"count":6,"href":"https:\/\/blog.correios.com.br\/acordocoletivo\/index.php?rest_route=\/wp\/v2\/posts\/3701\/revisions"}],"predecessor-version":[{"id":3841,"href":"https:\/\/blog.correios.com.br\/acordocoletivo\/index.php?rest_route=\/wp\/v2\/posts\/3701\/revisions\/3841"}],"wp:attachment":[{"href":"https:\/\/blog.correios.com.br\/acordocoletivo\/index.php?rest_route=%2Fwp%2Fv2%2Fmedia&parent=3701"}],"wp:term":[{"taxonomy":"category","embeddable":true,"href":"https:\/\/blog.correios.com.br\/acordocoletivo\/index.php?rest_route=%2Fwp%2Fv2%2Fcategories&post=3701"},{"taxonomy":"post_tag","embeddable":true,"href":"https:\/\/blog.correios.com.br\/acordocoletivo\/index.php?rest_route=%2Fwp%2Fv2%2Ftags&post=3701"}],"curies":[{"name":"wp","href":"https:\/\/api.w.org\/{rel}","templated":true}]}}