{"id":3861,"date":"2017-08-22T14:36:48","date_gmt":"2017-08-22T17:36:48","guid":{"rendered":"http:\/\/blog.correios.com.br\/acordocoletivo\/?p=3861"},"modified":"2017-08-22T16:32:31","modified_gmt":"2017-08-22T19:32:31","slug":"tst-faz-proposta-para-prorrogacao-do-act-20162017-ate-dezembro2017","status":"publish","type":"post","link":"https:\/\/blog.correios.com.br\/acordocoletivo\/?p=3861","title":{"rendered":"TST faz proposta para prorroga\u00e7\u00e3o do ACT 2016\/2017 at\u00e9 dezembro\/2017"},"content":{"rendered":"<p>Na manh\u00e3 de hoje, dia 22, o vice-presidente do Tribunal Superior do Trabalho, ministro Emmanoel Pereira, fez a proposta para prorrogar o Acordo Coletivo de Trabalho 2016\/2017 at\u00e9 o dia 31 de dezembro de 2017.<\/p>\n<p>Segundo o magistrado, que est\u00e1 conduzindo a media\u00e7\u00e3o das discuss\u00f5es do plano de sa\u00fade no tribunal, a possibilidade de ocorrerem duas mesas de negocia\u00e7\u00e3o simultaneamente vai trazer preju\u00edzo\u00a0para os trabalhos j\u00e1 em andamento no TST.<\/p>\n<p>O ministro alegou que precisa de tranquilidade para que a media\u00e7\u00e3o\u00a0consiga chegar a um bom termo. Ele tamb\u00e9m ressaltou que a proposta leva em conta que os trabalhadores ter\u00e3o todos os benef\u00edcios previstos no ACT 2106\/2017 garantidos at\u00e9 o dia 31 de dezembro de 2017, mas que eles precisam se comprometer a n\u00e3o entrar em greve durante esse per\u00edodo.<\/p>\n<p>A Findect aceitou deliberar sobre a quest\u00e3o em suas bases sindicais, mas a Fentect relutou em levar o assunto para a categoria. Diante do impasse, o vice-presidente determinou que as federa\u00e7\u00f5es se pronunciem em 15 dias sobre a proposta. Ap\u00f3s esse prazo, os Correios ainda ter\u00e3o cinco dias para trazer a sua decis\u00e3o sobre o tema.<\/p>\n<p>Os Correios far\u00e3o consulta aos seus \u00f3rg\u00e3os supervisores (Minist\u00e9rio da Ci\u00eancia, Tecnologia, Inova\u00e7\u00f5es e Comunica\u00e7\u00f5es e Minist\u00e9rio do Planejamento, Desenvolvimento e Gest\u00e3o) sobre o tema, de forma a trazer uma resposta para o TST no prazo estipulado.<\/p>\n<p>Diante da proposta, a reuni\u00e3o de abertura do ACT, marcada para o per\u00edodo da tarde, foi cancelada.<\/p>\n<p>Clique <a href=\"https:\/\/blog.correios.com.br\/acordocoletivo\/wp-content\/uploads\/2017\/08\/PROCESSO-PMPP-5701-24.2017.5.00.0000.pdf\" target=\"_blank\">AQUI<\/a> para acessar a ata da reuni\u00e3o.<\/p>\n","protected":false},"excerpt":{"rendered":"<p>Na manh\u00e3 de hoje, dia 22, o vice-presidente do Tribunal Superior do Trabalho, ministro Emmanoel Pereira, fez a proposta para prorrogar o Acordo Coletivo de Trabalho 2016\/2017 at\u00e9 o dia 31 de dezembro de 2017. Segundo o magistrado, que est\u00e1 &hellip; <a href=\"https:\/\/blog.correios.com.br\/acordocoletivo\/?p=3861\">Continue lendo <span class=\"meta-nav\">&rarr;<\/span><\/a><\/p>\n","protected":false},"author":44,"featured_media":0,"comment_status":"open","ping_status":"open","sticky":false,"template":"","format":"standard","meta":{"footnotes":""},"categories":[29],"tags":[111,51,16,34,36],"class_list":["post-3861","post","type-post","status-publish","format-standard","hentry","category-negociacao-permanente","tag-act-20172018","tag-correios","tag-negociacoes-trabalhistas","tag-postal-saude","tag-tst"],"_links":{"self":[{"href":"https:\/\/blog.correios.com.br\/acordocoletivo\/index.php?rest_route=\/wp\/v2\/posts\/3861","targetHints":{"allow":["GET"]}}],"collection":[{"href":"https:\/\/blog.correios.com.br\/acordocoletivo\/index.php?rest_route=\/wp\/v2\/posts"}],"about":[{"href":"https:\/\/blog.correios.com.br\/acordocoletivo\/index.php?rest_route=\/wp\/v2\/types\/post"}],"author":[{"embeddable":true,"href":"https:\/\/blog.correios.com.br\/acordocoletivo\/index.php?rest_route=\/wp\/v2\/users\/44"}],"replies":[{"embeddable":true,"href":"https:\/\/blog.correios.com.br\/acordocoletivo\/index.php?rest_route=%2Fwp%2Fv2%2Fcomments&post=3861"}],"version-history":[{"count":2,"href":"https:\/\/blog.correios.com.br\/acordocoletivo\/index.php?rest_route=\/wp\/v2\/posts\/3861\/revisions"}],"predecessor-version":[{"id":3891,"href":"https:\/\/blog.correios.com.br\/acordocoletivo\/index.php?rest_route=\/wp\/v2\/posts\/3861\/revisions\/3891"}],"wp:attachment":[{"href":"https:\/\/blog.correios.com.br\/acordocoletivo\/index.php?rest_route=%2Fwp%2Fv2%2Fmedia&parent=3861"}],"wp:term":[{"taxonomy":"category","embeddable":true,"href":"https:\/\/blog.correios.com.br\/acordocoletivo\/index.php?rest_route=%2Fwp%2Fv2%2Fcategories&post=3861"},{"taxonomy":"post_tag","embeddable":true,"href":"https:\/\/blog.correios.com.br\/acordocoletivo\/index.php?rest_route=%2Fwp%2Fv2%2Ftags&post=3861"}],"curies":[{"name":"wp","href":"https:\/\/api.w.org\/{rel}","templated":true}]}}