{"id":4361,"date":"2017-09-29T17:44:10","date_gmt":"2017-09-29T20:44:10","guid":{"rendered":"http:\/\/blog.correios.com.br\/acordocoletivo\/?p=4361"},"modified":"2017-09-29T17:44:10","modified_gmt":"2017-09-29T20:44:10","slug":"empregados-retornam-ao-trabalho","status":"publish","type":"post","link":"https:\/\/blog.correios.com.br\/acordocoletivo\/?p=4361","title":{"rendered":"Empregados retornam ao trabalho"},"content":{"rendered":"<p>Nesta sexta-feira, dia 29, cerca de 2 mil empregados retornaram aos seus postos de trabalho.<\/p>\n<p>Na tarde de ontem, dia 28, o Tribunal Superior do Trabalho determinou, em decis\u00e3o liminar, que a greve iniciada no \u00faltimo dia 19 \u00e9 abusiva. Com base na decis\u00e3o, os Correios informam que as aus\u00eancias ser\u00e3o consideradas como falta injustificada a partir de hoje. Dentre os impactos, destacam-se o desconto do dia com reflexo sobre o repouso semanal remunerado (desconto dos domingos e feriados), a perda do direito ao Vale-Alimenta\u00e7\u00e3o proporcional \u00e0 aus\u00eancia e a altera\u00e7\u00e3o da Data Base para anu\u00eanios, entre outros.<\/p>\n<p>Os Correios aguardam o retorno dos trabalhadores que continuam ausentes, de forma a evitar maiores preju\u00edzos para a empresa, para os empregados e para a sociedade e agradecem aos trabalhadores que n\u00e3o aderiram \u00e0 paralisa\u00e7\u00e3o pela confian\u00e7a na retomada do crescimento da empresa.<\/p>\n<p>Correios \u00e9 a gente que faz!<\/p>\n","protected":false},"excerpt":{"rendered":"<p>Nesta sexta-feira, dia 29, cerca de 2 mil empregados retornaram aos seus postos de trabalho. Na tarde de ontem, dia 28, o Tribunal Superior do Trabalho determinou, em decis\u00e3o liminar, que a greve iniciada no \u00faltimo dia 19 \u00e9 abusiva. &hellip; <a href=\"https:\/\/blog.correios.com.br\/acordocoletivo\/?p=4361\">Continue lendo <span class=\"meta-nav\">&rarr;<\/span><\/a><\/p>\n","protected":false},"author":44,"featured_media":0,"comment_status":"open","ping_status":"open","sticky":false,"template":"","format":"standard","meta":{"footnotes":""},"categories":[29],"tags":[6,111,51,101,36],"class_list":["post-4361","post","type-post","status-publish","format-standard","hentry","category-negociacao-permanente","tag-acordo-coletivo","tag-act-20172018","tag-correios","tag-greve","tag-tst"],"_links":{"self":[{"href":"https:\/\/blog.correios.com.br\/acordocoletivo\/index.php?rest_route=\/wp\/v2\/posts\/4361","targetHints":{"allow":["GET"]}}],"collection":[{"href":"https:\/\/blog.correios.com.br\/acordocoletivo\/index.php?rest_route=\/wp\/v2\/posts"}],"about":[{"href":"https:\/\/blog.correios.com.br\/acordocoletivo\/index.php?rest_route=\/wp\/v2\/types\/post"}],"author":[{"embeddable":true,"href":"https:\/\/blog.correios.com.br\/acordocoletivo\/index.php?rest_route=\/wp\/v2\/users\/44"}],"replies":[{"embeddable":true,"href":"https:\/\/blog.correios.com.br\/acordocoletivo\/index.php?rest_route=%2Fwp%2Fv2%2Fcomments&post=4361"}],"version-history":[{"count":1,"href":"https:\/\/blog.correios.com.br\/acordocoletivo\/index.php?rest_route=\/wp\/v2\/posts\/4361\/revisions"}],"predecessor-version":[{"id":4371,"href":"https:\/\/blog.correios.com.br\/acordocoletivo\/index.php?rest_route=\/wp\/v2\/posts\/4361\/revisions\/4371"}],"wp:attachment":[{"href":"https:\/\/blog.correios.com.br\/acordocoletivo\/index.php?rest_route=%2Fwp%2Fv2%2Fmedia&parent=4361"}],"wp:term":[{"taxonomy":"category","embeddable":true,"href":"https:\/\/blog.correios.com.br\/acordocoletivo\/index.php?rest_route=%2Fwp%2Fv2%2Fcategories&post=4361"},{"taxonomy":"post_tag","embeddable":true,"href":"https:\/\/blog.correios.com.br\/acordocoletivo\/index.php?rest_route=%2Fwp%2Fv2%2Ftags&post=4361"}],"curies":[{"name":"wp","href":"https:\/\/api.w.org\/{rel}","templated":true}]}}