{"id":4760,"date":"2018-08-14T09:32:13","date_gmt":"2018-08-14T12:32:13","guid":{"rendered":"http:\/\/blog.correios.com.br\/acordocoletivo\/?p=4760"},"modified":"2018-08-14T09:32:58","modified_gmt":"2018-08-14T12:32:58","slug":"assembleias-nao-avaliam-proposta-do-tst","status":"publish","type":"post","link":"https:\/\/blog.correios.com.br\/acordocoletivo\/?p=4760","title":{"rendered":"Assembleias n\u00e3o avaliam proposta do TST"},"content":{"rendered":"<p>Nas assembleias realizadas ontem (7), as representa\u00e7\u00f5es dos empregados deliberaram pela n\u00e3o avalia\u00e7\u00e3o da proposta de acordo coletivo apresentada pelo TST e convoca\u00e7\u00e3o de novas assembleias no pr\u00f3ximo dia 14. Apenas 5.471 empregados estiveram presentes, o que representa somente 5,17% do quadro funcional.<\/p>\n<p>Os Correios reiteram que s\u00f3 foi poss\u00edvel aceitar a proposta do TST para o ACT 2018\/2019 ap\u00f3s esfor\u00e7o m\u00e1ximo de negocia\u00e7\u00e3o junto ao Minist\u00e9rio do Planejamento. No entanto, apesar de todas as tentativas feitas pela empresa para buscar um acordo negociado, a decis\u00e3o foi tomada sem que a proposta fosse apresentada aos empregados para avalia\u00e7\u00e3o, descumprindo a orienta\u00e7\u00e3o e o prazo estabelecidos pelo TST, que seria at\u00e9 quinta-feira (9).<\/p>\n","protected":false},"excerpt":{"rendered":"<p>Nas assembleias realizadas ontem (7), as representa\u00e7\u00f5es dos empregados deliberaram pela n\u00e3o avalia\u00e7\u00e3o da proposta de acordo coletivo apresentada pelo TST e convoca\u00e7\u00e3o de novas assembleias no pr\u00f3ximo dia 14. Apenas 5.471 empregados estiveram presentes, o que representa somente 5,17% &hellip; <a href=\"https:\/\/blog.correios.com.br\/acordocoletivo\/?p=4760\">Continue lendo <span class=\"meta-nav\">&rarr;<\/span><\/a><\/p>\n","protected":false},"author":44,"featured_media":0,"comment_status":"open","ping_status":"open","sticky":false,"template":"","format":"standard","meta":{"footnotes":""},"categories":[14],"tags":[],"class_list":["post-4760","post","type-post","status-publish","format-standard","hentry","category-acordo-coletivo"],"_links":{"self":[{"href":"https:\/\/blog.correios.com.br\/acordocoletivo\/index.php?rest_route=\/wp\/v2\/posts\/4760","targetHints":{"allow":["GET"]}}],"collection":[{"href":"https:\/\/blog.correios.com.br\/acordocoletivo\/index.php?rest_route=\/wp\/v2\/posts"}],"about":[{"href":"https:\/\/blog.correios.com.br\/acordocoletivo\/index.php?rest_route=\/wp\/v2\/types\/post"}],"author":[{"embeddable":true,"href":"https:\/\/blog.correios.com.br\/acordocoletivo\/index.php?rest_route=\/wp\/v2\/users\/44"}],"replies":[{"embeddable":true,"href":"https:\/\/blog.correios.com.br\/acordocoletivo\/index.php?rest_route=%2Fwp%2Fv2%2Fcomments&post=4760"}],"version-history":[{"count":1,"href":"https:\/\/blog.correios.com.br\/acordocoletivo\/index.php?rest_route=\/wp\/v2\/posts\/4760\/revisions"}],"predecessor-version":[{"id":4761,"href":"https:\/\/blog.correios.com.br\/acordocoletivo\/index.php?rest_route=\/wp\/v2\/posts\/4760\/revisions\/4761"}],"wp:attachment":[{"href":"https:\/\/blog.correios.com.br\/acordocoletivo\/index.php?rest_route=%2Fwp%2Fv2%2Fmedia&parent=4760"}],"wp:term":[{"taxonomy":"category","embeddable":true,"href":"https:\/\/blog.correios.com.br\/acordocoletivo\/index.php?rest_route=%2Fwp%2Fv2%2Fcategories&post=4760"},{"taxonomy":"post_tag","embeddable":true,"href":"https:\/\/blog.correios.com.br\/acordocoletivo\/index.php?rest_route=%2Fwp%2Fv2%2Ftags&post=4760"}],"curies":[{"name":"wp","href":"https:\/\/api.w.org\/{rel}","templated":true}]}}