{"id":4764,"date":"2018-08-14T09:33:57","date_gmt":"2018-08-14T12:33:57","guid":{"rendered":"http:\/\/blog.correios.com.br\/acordocoletivo\/?p=4764"},"modified":"2018-08-14T09:33:57","modified_gmt":"2018-08-14T12:33:57","slug":"empregados-tem-ate-o-dia-15-para-votar-proposta-do-tst","status":"publish","type":"post","link":"https:\/\/blog.correios.com.br\/acordocoletivo\/?p=4764","title":{"rendered":"Empregados t\u00eam at\u00e9 o dia 15 para votar proposta do TST"},"content":{"rendered":"<p>O Tribunal Superior do Trabalho (TST) prorrogou at\u00e9 o dia 15 de agosto o prazo para as federa\u00e7\u00f5es se manifestarem sobre a proposta para fechar o Acordo Coletivo de Trabalho \u2013 ACT 2018\/2019.<\/p>\n<p>Como o limite para o fechamento da folha \u00e9 20 de agosto, caso n\u00e3o haja acordo assinado antes dessa data, a empresa ter\u00e1 que efetuar o pagamento apenas dos benef\u00edcios previstos na CLT. Isto significa que os trabalhadores perder\u00e3o vantagens e benef\u00edcios estabelecidos no \u00faltimo ACT, que teve vig\u00eancia at\u00e9 31 de julho, como o adicional de 70% das f\u00e9rias, anu\u00eanios, vale-cultura, dentre outros.<\/p>\n<p>Para refor\u00e7ar a import\u00e2ncia de os empregados comparecerem \u00e0s assembleias e votarem para que prevale\u00e7a a decis\u00e3o da maioria, o presidente dos Correios gravou uma mensagem aos trabalhadores. Assista aqui.<\/p>\n","protected":false},"excerpt":{"rendered":"<p>O Tribunal Superior do Trabalho (TST) prorrogou at\u00e9 o dia 15 de agosto o prazo para as federa\u00e7\u00f5es se manifestarem sobre a proposta para fechar o Acordo Coletivo de Trabalho \u2013 ACT 2018\/2019. Como o limite para o fechamento da &hellip; <a href=\"https:\/\/blog.correios.com.br\/acordocoletivo\/?p=4764\">Continue lendo <span class=\"meta-nav\">&rarr;<\/span><\/a><\/p>\n","protected":false},"author":44,"featured_media":0,"comment_status":"open","ping_status":"open","sticky":false,"template":"","format":"standard","meta":{"footnotes":""},"categories":[14],"tags":[],"class_list":["post-4764","post","type-post","status-publish","format-standard","hentry","category-acordo-coletivo"],"_links":{"self":[{"href":"https:\/\/blog.correios.com.br\/acordocoletivo\/index.php?rest_route=\/wp\/v2\/posts\/4764","targetHints":{"allow":["GET"]}}],"collection":[{"href":"https:\/\/blog.correios.com.br\/acordocoletivo\/index.php?rest_route=\/wp\/v2\/posts"}],"about":[{"href":"https:\/\/blog.correios.com.br\/acordocoletivo\/index.php?rest_route=\/wp\/v2\/types\/post"}],"author":[{"embeddable":true,"href":"https:\/\/blog.correios.com.br\/acordocoletivo\/index.php?rest_route=\/wp\/v2\/users\/44"}],"replies":[{"embeddable":true,"href":"https:\/\/blog.correios.com.br\/acordocoletivo\/index.php?rest_route=%2Fwp%2Fv2%2Fcomments&post=4764"}],"version-history":[{"count":1,"href":"https:\/\/blog.correios.com.br\/acordocoletivo\/index.php?rest_route=\/wp\/v2\/posts\/4764\/revisions"}],"predecessor-version":[{"id":4765,"href":"https:\/\/blog.correios.com.br\/acordocoletivo\/index.php?rest_route=\/wp\/v2\/posts\/4764\/revisions\/4765"}],"wp:attachment":[{"href":"https:\/\/blog.correios.com.br\/acordocoletivo\/index.php?rest_route=%2Fwp%2Fv2%2Fmedia&parent=4764"}],"wp:term":[{"taxonomy":"category","embeddable":true,"href":"https:\/\/blog.correios.com.br\/acordocoletivo\/index.php?rest_route=%2Fwp%2Fv2%2Fcategories&post=4764"},{"taxonomy":"post_tag","embeddable":true,"href":"https:\/\/blog.correios.com.br\/acordocoletivo\/index.php?rest_route=%2Fwp%2Fv2%2Ftags&post=4764"}],"curies":[{"name":"wp","href":"https:\/\/api.w.org\/{rel}","templated":true}]}}