{"id":4767,"date":"2018-08-31T12:35:40","date_gmt":"2018-08-31T15:35:40","guid":{"rendered":"http:\/\/blog.correios.com.br\/acordocoletivo\/?p=4767"},"modified":"2018-08-31T12:47:44","modified_gmt":"2018-08-31T15:47:44","slug":"act-20182019-audiencia-de-assinatura-do-acordo-e-adiada","status":"publish","type":"post","link":"https:\/\/blog.correios.com.br\/acordocoletivo\/?p=4767","title":{"rendered":"ACT 2018\/2019: audi\u00eancia de assinatura do acordo \u00e9 adiada"},"content":{"rendered":"<p>Atendendo \u00e0 convoca\u00e7\u00e3o do Tribunal Superior do Trabalho, nesta ter\u00e7a-feira (21), representantes dos Correios e das federa\u00e7\u00f5es dos empregados compareceram ao TST para audi\u00eancia de concilia\u00e7\u00e3o para fechamento do Acordo Coletivo de Trabalho \u2013 ACT 2018\/2019.<\/p>\n<p>No entanto, em raz\u00e3o da impossibilidade de finalizar a reda\u00e7\u00e3o do documento, a audi\u00eancia de assinatura foi adiada. A nova data ser\u00e1 definida pelo TST.<\/p>\n<p>Ainda nesta semana, representantes da empresa e dos empregados retornar\u00e3o ao Tribunal com o objetivo de solucionar eventuais diverg\u00eancias no texto do Acordo em rela\u00e7\u00e3o \u00e0 proposta apresentada pelo ministro Renato de Lacerda Paiva, vice-presidente do TST, no \u00faltimo dia 7.<\/p>\n","protected":false},"excerpt":{"rendered":"<p>Atendendo \u00e0 convoca\u00e7\u00e3o do Tribunal Superior do Trabalho, nesta ter\u00e7a-feira (21), representantes dos Correios e das federa\u00e7\u00f5es dos empregados compareceram ao TST para audi\u00eancia de concilia\u00e7\u00e3o para fechamento do Acordo Coletivo de Trabalho \u2013 ACT 2018\/2019. No entanto, em raz\u00e3o &hellip; <a href=\"https:\/\/blog.correios.com.br\/acordocoletivo\/?p=4767\">Continue lendo <span class=\"meta-nav\">&rarr;<\/span><\/a><\/p>\n","protected":false},"author":44,"featured_media":0,"comment_status":"open","ping_status":"open","sticky":false,"template":"","format":"standard","meta":{"footnotes":""},"categories":[14],"tags":[],"class_list":["post-4767","post","type-post","status-publish","format-standard","hentry","category-acordo-coletivo"],"_links":{"self":[{"href":"https:\/\/blog.correios.com.br\/acordocoletivo\/index.php?rest_route=\/wp\/v2\/posts\/4767","targetHints":{"allow":["GET"]}}],"collection":[{"href":"https:\/\/blog.correios.com.br\/acordocoletivo\/index.php?rest_route=\/wp\/v2\/posts"}],"about":[{"href":"https:\/\/blog.correios.com.br\/acordocoletivo\/index.php?rest_route=\/wp\/v2\/types\/post"}],"author":[{"embeddable":true,"href":"https:\/\/blog.correios.com.br\/acordocoletivo\/index.php?rest_route=\/wp\/v2\/users\/44"}],"replies":[{"embeddable":true,"href":"https:\/\/blog.correios.com.br\/acordocoletivo\/index.php?rest_route=%2Fwp%2Fv2%2Fcomments&post=4767"}],"version-history":[{"count":2,"href":"https:\/\/blog.correios.com.br\/acordocoletivo\/index.php?rest_route=\/wp\/v2\/posts\/4767\/revisions"}],"predecessor-version":[{"id":4773,"href":"https:\/\/blog.correios.com.br\/acordocoletivo\/index.php?rest_route=\/wp\/v2\/posts\/4767\/revisions\/4773"}],"wp:attachment":[{"href":"https:\/\/blog.correios.com.br\/acordocoletivo\/index.php?rest_route=%2Fwp%2Fv2%2Fmedia&parent=4767"}],"wp:term":[{"taxonomy":"category","embeddable":true,"href":"https:\/\/blog.correios.com.br\/acordocoletivo\/index.php?rest_route=%2Fwp%2Fv2%2Fcategories&post=4767"},{"taxonomy":"post_tag","embeddable":true,"href":"https:\/\/blog.correios.com.br\/acordocoletivo\/index.php?rest_route=%2Fwp%2Fv2%2Ftags&post=4767"}],"curies":[{"name":"wp","href":"https:\/\/api.w.org\/{rel}","templated":true}]}}