{"id":4769,"date":"2018-08-31T12:44:29","date_gmt":"2018-08-31T15:44:29","guid":{"rendered":"http:\/\/blog.correios.com.br\/acordocoletivo\/?p=4769"},"modified":"2018-09-28T15:36:09","modified_gmt":"2018-09-28T18:36:09","slug":"correios-e-federacoes-assinam-act-20182019","status":"publish","type":"post","link":"https:\/\/blog.correios.com.br\/acordocoletivo\/?p=4769","title":{"rendered":"Correios e federa\u00e7\u00f5es assinam ACT 2018\/2019"},"content":{"rendered":"<p>Os Correios e as federa\u00e7\u00f5es dos empregados assinaram na tarde desta quinta-feira, dia 30, o Acordo Coletivo de Trabalho \u2013 ACT 2018\/2019. O documento reflete a proposta do vice-presidente do TST, ministro Renato de Lacerda Paiva, que conduziu o processo de media\u00e7\u00e3o.<\/p>\n<p><a href=\"https:\/\/blog.correios.com.br\/acordocoletivo\/wp-content\/uploads\/2018\/08\/ACT-2018-2019-A5.pdf\">Confira a \u00edntegra do ACT 2018\/2019<\/a><\/p>\n<p>Al\u00e9m de reajustar sal\u00e1rio e benef\u00edcios com base na infla\u00e7\u00e3o do per\u00edodo (INPC), o acordo mant\u00e9m os termos do ACT 2017\/2018, ressalvada a cl\u00e1usula 28, que trata sobre o plano de sa\u00fade. A reda\u00e7\u00e3o final do item seguiu a decis\u00e3o do TST sobre a nova forma de custeio do benef\u00edcio, proferida nos autos do diss\u00eddio coletivo n\u00ba1000295-05.2017.5.00.0000, em mar\u00e7o deste ano.<\/p>\n<p>O reajuste ser\u00e1 aplicado retroativamente a agosto e a diferen\u00e7a ser\u00e1 paga na folha de setembro.<\/p>\n<p>A media\u00e7\u00e3o do TST e a responsabilidade dos empregados com o futuro da empresa foram fundamentais para o fechamento do acordo coletivo.<\/p>\n<p>Agora, precisamos seguir em frente, comprometidos com o alcance das nossas metas de qualidade e com a gera\u00e7\u00e3o de novos neg\u00f3cios. Juntos vamos fortalecer os Correios e recuperar a credibilidade e a confian\u00e7a dos brasileiros nesta empresa que, por d\u00e9cadas, foi orgulho nacional.<\/p>\n<p>Confira a <a href=\"https:\/\/blog.correios.com.br\/acordocoletivo\/wp-content\/uploads\/2018\/08\/2018-08-30-ATA-de-assinatura-do-ACT-2018-2019.pdf\">ata da reuni\u00e3o<\/a>.<\/p>\n<p>&nbsp;<\/p>\n","protected":false},"excerpt":{"rendered":"<p>Os Correios e as federa\u00e7\u00f5es dos empregados assinaram na tarde desta quinta-feira, dia 30, o Acordo Coletivo de Trabalho \u2013 ACT 2018\/2019. O documento reflete a proposta do vice-presidente do TST, ministro Renato de Lacerda Paiva, que conduziu o processo &hellip; <a href=\"https:\/\/blog.correios.com.br\/acordocoletivo\/?p=4769\">Continue lendo <span class=\"meta-nav\">&rarr;<\/span><\/a><\/p>\n","protected":false},"author":44,"featured_media":0,"comment_status":"open","ping_status":"open","sticky":false,"template":"","format":"standard","meta":{"footnotes":""},"categories":[14],"tags":[],"class_list":["post-4769","post","type-post","status-publish","format-standard","hentry","category-acordo-coletivo"],"_links":{"self":[{"href":"https:\/\/blog.correios.com.br\/acordocoletivo\/index.php?rest_route=\/wp\/v2\/posts\/4769","targetHints":{"allow":["GET"]}}],"collection":[{"href":"https:\/\/blog.correios.com.br\/acordocoletivo\/index.php?rest_route=\/wp\/v2\/posts"}],"about":[{"href":"https:\/\/blog.correios.com.br\/acordocoletivo\/index.php?rest_route=\/wp\/v2\/types\/post"}],"author":[{"embeddable":true,"href":"https:\/\/blog.correios.com.br\/acordocoletivo\/index.php?rest_route=\/wp\/v2\/users\/44"}],"replies":[{"embeddable":true,"href":"https:\/\/blog.correios.com.br\/acordocoletivo\/index.php?rest_route=%2Fwp%2Fv2%2Fcomments&post=4769"}],"version-history":[{"count":3,"href":"https:\/\/blog.correios.com.br\/acordocoletivo\/index.php?rest_route=\/wp\/v2\/posts\/4769\/revisions"}],"predecessor-version":[{"id":4772,"href":"https:\/\/blog.correios.com.br\/acordocoletivo\/index.php?rest_route=\/wp\/v2\/posts\/4769\/revisions\/4772"}],"wp:attachment":[{"href":"https:\/\/blog.correios.com.br\/acordocoletivo\/index.php?rest_route=%2Fwp%2Fv2%2Fmedia&parent=4769"}],"wp:term":[{"taxonomy":"category","embeddable":true,"href":"https:\/\/blog.correios.com.br\/acordocoletivo\/index.php?rest_route=%2Fwp%2Fv2%2Fcategories&post=4769"},{"taxonomy":"post_tag","embeddable":true,"href":"https:\/\/blog.correios.com.br\/acordocoletivo\/index.php?rest_route=%2Fwp%2Fv2%2Ftags&post=4769"}],"curies":[{"name":"wp","href":"https:\/\/api.w.org\/{rel}","templated":true}]}}