{"id":4784,"date":"2019-02-06T13:32:22","date_gmt":"2019-02-06T15:32:22","guid":{"rendered":"http:\/\/blog.correios.com.br\/acordocoletivo\/?p=4784"},"modified":"2019-02-21T09:52:26","modified_gmt":"2019-02-21T12:52:26","slug":"plano-de-saude-para-pais-e-maes","status":"publish","type":"post","link":"https:\/\/blog.correios.com.br\/acordocoletivo\/?p=4784","title":{"rendered":"Plano de sa\u00fade para pais e m\u00e3es"},"content":{"rendered":"<p>Os Correios e as representa\u00e7\u00f5es dos trabalhadores iniciam nesta ter\u00e7a-feira (5\/2) as reuni\u00f5es para discutir a cria\u00e7\u00e3o de um plano de sa\u00fade para atender pais e m\u00e3es dos titulares, o chamado \u201cplano fam\u00edlia\u201d.<\/p>\n<p>Em 15 de mar\u00e7o de 2018, o Tribunal Superior do Trabalho (TST) determinou que os genitores dos benefici\u00e1rios deveriam ser mantidos no plano at\u00e9 31 de julho de 2019 para, ent\u00e3o, serem inclu\u00eddos em um plano fam\u00edlia a ser negociado entre a empresa e os representantes dos empregados.<\/p>\n","protected":false},"excerpt":{"rendered":"<p>Os Correios e as representa\u00e7\u00f5es dos trabalhadores iniciam nesta ter\u00e7a-feira (5\/2) as reuni\u00f5es para discutir a cria\u00e7\u00e3o de um plano de sa\u00fade para atender pais e m\u00e3es dos titulares, o chamado \u201cplano fam\u00edlia\u201d. Em 15 de mar\u00e7o de 2018, o &hellip; <a href=\"https:\/\/blog.correios.com.br\/acordocoletivo\/?p=4784\">Continue lendo <span class=\"meta-nav\">&rarr;<\/span><\/a><\/p>\n","protected":false},"author":44,"featured_media":0,"comment_status":"closed","ping_status":"open","sticky":false,"template":"","format":"standard","meta":{"footnotes":""},"categories":[29],"tags":[],"class_list":["post-4784","post","type-post","status-publish","format-standard","hentry","category-negociacao-permanente"],"_links":{"self":[{"href":"https:\/\/blog.correios.com.br\/acordocoletivo\/index.php?rest_route=\/wp\/v2\/posts\/4784","targetHints":{"allow":["GET"]}}],"collection":[{"href":"https:\/\/blog.correios.com.br\/acordocoletivo\/index.php?rest_route=\/wp\/v2\/posts"}],"about":[{"href":"https:\/\/blog.correios.com.br\/acordocoletivo\/index.php?rest_route=\/wp\/v2\/types\/post"}],"author":[{"embeddable":true,"href":"https:\/\/blog.correios.com.br\/acordocoletivo\/index.php?rest_route=\/wp\/v2\/users\/44"}],"replies":[{"embeddable":true,"href":"https:\/\/blog.correios.com.br\/acordocoletivo\/index.php?rest_route=%2Fwp%2Fv2%2Fcomments&post=4784"}],"version-history":[{"count":1,"href":"https:\/\/blog.correios.com.br\/acordocoletivo\/index.php?rest_route=\/wp\/v2\/posts\/4784\/revisions"}],"predecessor-version":[{"id":4785,"href":"https:\/\/blog.correios.com.br\/acordocoletivo\/index.php?rest_route=\/wp\/v2\/posts\/4784\/revisions\/4785"}],"wp:attachment":[{"href":"https:\/\/blog.correios.com.br\/acordocoletivo\/index.php?rest_route=%2Fwp%2Fv2%2Fmedia&parent=4784"}],"wp:term":[{"taxonomy":"category","embeddable":true,"href":"https:\/\/blog.correios.com.br\/acordocoletivo\/index.php?rest_route=%2Fwp%2Fv2%2Fcategories&post=4784"},{"taxonomy":"post_tag","embeddable":true,"href":"https:\/\/blog.correios.com.br\/acordocoletivo\/index.php?rest_route=%2Fwp%2Fv2%2Ftags&post=4784"}],"curies":[{"name":"wp","href":"https:\/\/api.w.org\/{rel}","templated":true}]}}