{"id":4786,"date":"2019-02-06T15:07:10","date_gmt":"2019-02-06T17:07:10","guid":{"rendered":"http:\/\/blog.correios.com.br\/acordocoletivo\/?p=4786"},"modified":"2019-02-21T09:52:18","modified_gmt":"2019-02-21T12:52:18","slug":"plano-familia-mesa-de-negociacao","status":"publish","type":"post","link":"https:\/\/blog.correios.com.br\/acordocoletivo\/?p=4786","title":{"rendered":"Plano fam\u00edlia: mesa de negocia\u00e7\u00e3o"},"content":{"rendered":"<p>Em reuni\u00e3o na tarde desta ter\u00e7a-feira, dia 5, em Bras\u00edlia, os Correios e as federa\u00e7\u00f5es dos empregados iniciaram as discuss\u00f5es sobre a cria\u00e7\u00e3o do\u00a0\u201cplano fam\u00edlia\u201d, benef\u00edcio que poder\u00e1 atender pais e m\u00e3es dos titulares do atual plano de sa\u00fade.<\/p>\n<p>Conforme decis\u00e3o do TST de 15 de mar\u00e7o de 2018, os genitores devem ser mantidos no atual plano at\u00e9 31 de julho 2019, quando poder\u00e3o migrar para um plano fam\u00edlia, a ser negociado entre as partes.<\/p>\n<p>Ao abrir a reuni\u00e3o, o presidente dos Correios, Juarez Cunha, destacou que o processo de negocia\u00e7\u00e3o deve ser pautado por \u201cum esp\u00edrito de boa vontade de ambas as partes\u201d. Segundo o general, a inten\u00e7\u00e3o \u00e9 chegar \u00e0 melhor proposta poss\u00edvel, tanto para a empresa quanto para os empregados.<\/p>\n<p>Inicialmente, est\u00e3o previstos seis encontros para debater o assunto. A mesa de negocia\u00e7\u00e3o ser\u00e1 composta por cinco representantes de cada federa\u00e7\u00e3o e por representantes dos Correios.<\/p>\n<p>Veja a <a href=\"https:\/\/blog.correios.com.br\/acordocoletivo\/wp-content\/uploads\/2019\/02\/Ata-Reuni\u00e3o-Plano-Fam\u00edlia-para-Pais-M\u00e3es-05-02-2019.pdf\" target=\"_blank\">ata<\/a> da reuni\u00e3o.<\/p>\n","protected":false},"excerpt":{"rendered":"<p>Em reuni\u00e3o na tarde desta ter\u00e7a-feira, dia 5, em Bras\u00edlia, os Correios e as federa\u00e7\u00f5es dos empregados iniciaram as discuss\u00f5es sobre a cria\u00e7\u00e3o do\u00a0\u201cplano fam\u00edlia\u201d, benef\u00edcio que poder\u00e1 atender pais e m\u00e3es dos titulares do atual plano de sa\u00fade. Conforme &hellip; <a href=\"https:\/\/blog.correios.com.br\/acordocoletivo\/?p=4786\">Continue lendo <span class=\"meta-nav\">&rarr;<\/span><\/a><\/p>\n","protected":false},"author":44,"featured_media":0,"comment_status":"closed","ping_status":"open","sticky":false,"template":"","format":"standard","meta":{"footnotes":""},"categories":[29],"tags":[],"class_list":["post-4786","post","type-post","status-publish","format-standard","hentry","category-negociacao-permanente"],"_links":{"self":[{"href":"https:\/\/blog.correios.com.br\/acordocoletivo\/index.php?rest_route=\/wp\/v2\/posts\/4786","targetHints":{"allow":["GET"]}}],"collection":[{"href":"https:\/\/blog.correios.com.br\/acordocoletivo\/index.php?rest_route=\/wp\/v2\/posts"}],"about":[{"href":"https:\/\/blog.correios.com.br\/acordocoletivo\/index.php?rest_route=\/wp\/v2\/types\/post"}],"author":[{"embeddable":true,"href":"https:\/\/blog.correios.com.br\/acordocoletivo\/index.php?rest_route=\/wp\/v2\/users\/44"}],"replies":[{"embeddable":true,"href":"https:\/\/blog.correios.com.br\/acordocoletivo\/index.php?rest_route=%2Fwp%2Fv2%2Fcomments&post=4786"}],"version-history":[{"count":4,"href":"https:\/\/blog.correios.com.br\/acordocoletivo\/index.php?rest_route=\/wp\/v2\/posts\/4786\/revisions"}],"predecessor-version":[{"id":4791,"href":"https:\/\/blog.correios.com.br\/acordocoletivo\/index.php?rest_route=\/wp\/v2\/posts\/4786\/revisions\/4791"}],"wp:attachment":[{"href":"https:\/\/blog.correios.com.br\/acordocoletivo\/index.php?rest_route=%2Fwp%2Fv2%2Fmedia&parent=4786"}],"wp:term":[{"taxonomy":"category","embeddable":true,"href":"https:\/\/blog.correios.com.br\/acordocoletivo\/index.php?rest_route=%2Fwp%2Fv2%2Fcategories&post=4786"},{"taxonomy":"post_tag","embeddable":true,"href":"https:\/\/blog.correios.com.br\/acordocoletivo\/index.php?rest_route=%2Fwp%2Fv2%2Ftags&post=4786"}],"curies":[{"name":"wp","href":"https:\/\/api.w.org\/{rel}","templated":true}]}}