{"id":4794,"date":"2019-02-19T19:48:55","date_gmt":"2019-02-19T22:48:55","guid":{"rendered":"http:\/\/blog.correios.com.br\/acordocoletivo\/?p=4794"},"modified":"2019-02-21T09:52:07","modified_gmt":"2019-02-21T12:52:07","slug":"mesa-de-negociacao-retoma-discussoes-sobre-plano-familia","status":"publish","type":"post","link":"https:\/\/blog.correios.com.br\/acordocoletivo\/?p=4794","title":{"rendered":"Mesa de negocia\u00e7\u00e3o retoma discuss\u00f5es sobre plano fam\u00edlia"},"content":{"rendered":"<p>Na tarde desta ter\u00e7a-feira (19), em Bras\u00edlia, os Correios e as federa\u00e7\u00f5es de empregados tiveram a segunda reuni\u00e3o e retomaram as discuss\u00f5es sobre a cria\u00e7\u00e3o do plano fam\u00edlia para atender pais e m\u00e3es dos titulares do atual plano de sa\u00fade. Conforme decis\u00e3o do TST, 31 de julho de 2019 \u00e9 o prazo final para que os pais sejam mantidos no atual plano.<\/p>\n<p>A reuni\u00e3o teve in\u00edcio com uma apresenta\u00e7\u00e3o do cen\u00e1rio econ\u00f4mico da empresa em 2018 e das perspectivas para 2019. Em seguida, a Postal Sa\u00fade explicou a legisla\u00e7\u00e3o aplicada aos planos de sa\u00fade e os gastos da operadora com pais e m\u00e3es no plano de sa\u00fade.<br \/>\nPor fim, foram apresentados modelos de plano fam\u00edlia utilizados no mercado para atender pais e outros familiares.<\/p>\n<p>As discuss\u00f5es devem prosseguir nesta quarta feira (20), em nova reuni\u00e3o \u00e0s 9h30, em Bras\u00edlia.<\/p>\n","protected":false},"excerpt":{"rendered":"<p>Na tarde desta ter\u00e7a-feira (19), em Bras\u00edlia, os Correios e as federa\u00e7\u00f5es de empregados tiveram a segunda reuni\u00e3o e retomaram as discuss\u00f5es sobre a cria\u00e7\u00e3o do plano fam\u00edlia para atender pais e m\u00e3es dos titulares do atual plano de sa\u00fade. &hellip; <a href=\"https:\/\/blog.correios.com.br\/acordocoletivo\/?p=4794\">Continue lendo <span class=\"meta-nav\">&rarr;<\/span><\/a><\/p>\n","protected":false},"author":44,"featured_media":0,"comment_status":"closed","ping_status":"open","sticky":false,"template":"","format":"standard","meta":{"footnotes":""},"categories":[1],"tags":[137,138,122,136,34],"class_list":["post-4794","post","type-post","status-publish","format-standard","hentry","category-sem-categoria","tag-mesa","tag-mesa-de-negociacao","tag-plano-de-saude","tag-plano-familia","tag-postal-saude"],"_links":{"self":[{"href":"https:\/\/blog.correios.com.br\/acordocoletivo\/index.php?rest_route=\/wp\/v2\/posts\/4794","targetHints":{"allow":["GET"]}}],"collection":[{"href":"https:\/\/blog.correios.com.br\/acordocoletivo\/index.php?rest_route=\/wp\/v2\/posts"}],"about":[{"href":"https:\/\/blog.correios.com.br\/acordocoletivo\/index.php?rest_route=\/wp\/v2\/types\/post"}],"author":[{"embeddable":true,"href":"https:\/\/blog.correios.com.br\/acordocoletivo\/index.php?rest_route=\/wp\/v2\/users\/44"}],"replies":[{"embeddable":true,"href":"https:\/\/blog.correios.com.br\/acordocoletivo\/index.php?rest_route=%2Fwp%2Fv2%2Fcomments&post=4794"}],"version-history":[{"count":1,"href":"https:\/\/blog.correios.com.br\/acordocoletivo\/index.php?rest_route=\/wp\/v2\/posts\/4794\/revisions"}],"predecessor-version":[{"id":4795,"href":"https:\/\/blog.correios.com.br\/acordocoletivo\/index.php?rest_route=\/wp\/v2\/posts\/4794\/revisions\/4795"}],"wp:attachment":[{"href":"https:\/\/blog.correios.com.br\/acordocoletivo\/index.php?rest_route=%2Fwp%2Fv2%2Fmedia&parent=4794"}],"wp:term":[{"taxonomy":"category","embeddable":true,"href":"https:\/\/blog.correios.com.br\/acordocoletivo\/index.php?rest_route=%2Fwp%2Fv2%2Fcategories&post=4794"},{"taxonomy":"post_tag","embeddable":true,"href":"https:\/\/blog.correios.com.br\/acordocoletivo\/index.php?rest_route=%2Fwp%2Fv2%2Ftags&post=4794"}],"curies":[{"name":"wp","href":"https:\/\/api.w.org\/{rel}","templated":true}]}}