{"id":4797,"date":"2019-02-21T09:41:15","date_gmt":"2019-02-21T12:41:15","guid":{"rendered":"http:\/\/blog.correios.com.br\/acordocoletivo\/?p=4797"},"modified":"2019-02-21T10:47:16","modified_gmt":"2019-02-21T13:47:16","slug":"empresa-apresenta-proposta-de-custeio-para-plano-familia","status":"publish","type":"post","link":"https:\/\/blog.correios.com.br\/acordocoletivo\/?p=4797","title":{"rendered":"Empresa apresenta proposta de custeio para plano fam\u00edlia"},"content":{"rendered":"<p>Na manh\u00e3 de quarta-feira (20), em Bras\u00edlia, os Correios e as federa\u00e7\u00f5es de empregados deram continuidade \u00e0s discuss\u00f5es sobre a cria\u00e7\u00e3o do plano para atender pais e m\u00e3es dos empregados.<\/p>\n<p>Os t\u00e9cnicos da Postal Sa\u00fade apresentaram uma proposta de custeio do plano fam\u00edlia (veja <a href=\"https:\/\/blog.correios.com.br\/acordocoletivo\/wp-content\/uploads\/2019\/02\/Apresenta\u00e7\u00e3o-CUSTEIO-PLANO-FAM\u00cdLIA.pdf\">aqui)<\/a>\u00a0e explicaram que poder\u00e3o aderir ao novo modelo parentes consangu\u00edneos, afins e dependentes que perderam a elegibilidade aos planos a que pertenciam. Esclareceram ainda que as mensalidades ser\u00e3o definidas por faixa et\u00e1ria e que a proposta contempla duas possibilidades: com e sem coparticipa\u00e7\u00e3o. Por fim, os representantes da operadora fizeram um comparativo com os pre\u00e7os dos planos oferecidos pelo mercado nos mesmos moldes.<\/p>\n<p>Os representantes das federa\u00e7\u00f5es de empregados solicitaram diversas informa\u00e7\u00f5es \u00e0 empresa sobre a Postal Sa\u00fade, sobre detalhes da proposta de plano fam\u00edlia apresentada e sobre uma poss\u00edvel reabertura dos ambulat\u00f3rios.<\/p>\n<p>Por fim, os representantes dos Correios reafirmaram a necessidade de uma acordo entre as partes j\u00e1 que, conforme decis\u00e3o do TST, 31 de julho de 2019 \u00e9 o prazo final para que os pais sejam mantidos no atual plano.<\/p>\n<p>As discuss\u00f5es devem prosseguir nesta quinta-feira (21), em nova reuni\u00e3o \u00e0s 14h30, em Bras\u00edlia.<\/p>\n<p>Veja a <a href=\"https:\/\/blog.correios.com.br\/acordocoletivo\/wp-content\/uploads\/2019\/02\/03-Ata-Reuni\u00e3o-20-02-2019.pdf\">ata<\/a> da reuni\u00e3o.<\/p>\n","protected":false},"excerpt":{"rendered":"<p>Na manh\u00e3 de quarta-feira (20), em Bras\u00edlia, os Correios e as federa\u00e7\u00f5es de empregados deram continuidade \u00e0s discuss\u00f5es sobre a cria\u00e7\u00e3o do plano para atender pais e m\u00e3es dos empregados. Os t\u00e9cnicos da Postal Sa\u00fade apresentaram uma proposta de custeio &hellip; <a href=\"https:\/\/blog.correios.com.br\/acordocoletivo\/?p=4797\">Continue lendo <span class=\"meta-nav\">&rarr;<\/span><\/a><\/p>\n","protected":false},"author":44,"featured_media":0,"comment_status":"closed","ping_status":"open","sticky":false,"template":"","format":"standard","meta":{"footnotes":""},"categories":[14],"tags":[],"class_list":["post-4797","post","type-post","status-publish","format-standard","hentry","category-acordo-coletivo"],"_links":{"self":[{"href":"https:\/\/blog.correios.com.br\/acordocoletivo\/index.php?rest_route=\/wp\/v2\/posts\/4797","targetHints":{"allow":["GET"]}}],"collection":[{"href":"https:\/\/blog.correios.com.br\/acordocoletivo\/index.php?rest_route=\/wp\/v2\/posts"}],"about":[{"href":"https:\/\/blog.correios.com.br\/acordocoletivo\/index.php?rest_route=\/wp\/v2\/types\/post"}],"author":[{"embeddable":true,"href":"https:\/\/blog.correios.com.br\/acordocoletivo\/index.php?rest_route=\/wp\/v2\/users\/44"}],"replies":[{"embeddable":true,"href":"https:\/\/blog.correios.com.br\/acordocoletivo\/index.php?rest_route=%2Fwp%2Fv2%2Fcomments&post=4797"}],"version-history":[{"count":7,"href":"https:\/\/blog.correios.com.br\/acordocoletivo\/index.php?rest_route=\/wp\/v2\/posts\/4797\/revisions"}],"predecessor-version":[{"id":4807,"href":"https:\/\/blog.correios.com.br\/acordocoletivo\/index.php?rest_route=\/wp\/v2\/posts\/4797\/revisions\/4807"}],"wp:attachment":[{"href":"https:\/\/blog.correios.com.br\/acordocoletivo\/index.php?rest_route=%2Fwp%2Fv2%2Fmedia&parent=4797"}],"wp:term":[{"taxonomy":"category","embeddable":true,"href":"https:\/\/blog.correios.com.br\/acordocoletivo\/index.php?rest_route=%2Fwp%2Fv2%2Fcategories&post=4797"},{"taxonomy":"post_tag","embeddable":true,"href":"https:\/\/blog.correios.com.br\/acordocoletivo\/index.php?rest_route=%2Fwp%2Fv2%2Ftags&post=4797"}],"curies":[{"name":"wp","href":"https:\/\/api.w.org\/{rel}","templated":true}]}}