{"id":4818,"date":"2019-07-02T20:00:08","date_gmt":"2019-07-02T23:00:08","guid":{"rendered":"http:\/\/blog.correios.com.br\/acordocoletivo\/?p=4818"},"modified":"2019-07-02T20:00:32","modified_gmt":"2019-07-02T23:00:32","slug":"abertas-as-negociacoes-para-o-acordo-coletivo","status":"publish","type":"post","link":"https:\/\/blog.correios.com.br\/acordocoletivo\/?p=4818","title":{"rendered":"Abertas as negocia\u00e7\u00f5es para o Acordo Coletivo"},"content":{"rendered":"<p>Na tarde desta ter\u00e7a-feira (2) come\u00e7aram as negocia\u00e7\u00f5es entre os representantes da empresa e dos empregados, para assinatura do Acordo Coletivo de Trabalho \u2013 2019\/2020.<\/p>\n<p>Ambos manifestaram suas expectativas com rela\u00e7\u00e3o ao processo. De parte da empresa, h\u00e1 a disposi\u00e7\u00e3o de ouvir as propostas e fazer um trabalho s\u00e9rio e comprometido. As representa\u00e7\u00f5es dos empregados esperam que o resultado das negocia\u00e7\u00f5es seja bom tanto para os trabalhadores quanto para a empresa.<\/p>\n<p>Nas pr\u00f3ximas quatro semanas ser\u00e3o discutidas na mesa as propostas da empresa e das representa\u00e7\u00f5es dos empregados, propostas estas que ser\u00e3o tamb\u00e9m levadas \u00e0 aprecia\u00e7\u00e3o dos trabalhadores, em assembleias.<\/p>\n<p>Confira o calend\u00e1rio das reuni\u00f5es, definido em comum acordo, e a ata da reuni\u00e3o no <a href=\"https:\/\/blog.correios.com.br\/acordocoletivo\/wp-content\/uploads\/2019\/07\/Novo-Documento-2019-07-02-19.43.24.pdf\">link<\/a>.<\/p>\n","protected":false},"excerpt":{"rendered":"<p>Na tarde desta ter\u00e7a-feira (2) come\u00e7aram as negocia\u00e7\u00f5es entre os representantes da empresa e dos empregados, para assinatura do Acordo Coletivo de Trabalho \u2013 2019\/2020. Ambos manifestaram suas expectativas com rela\u00e7\u00e3o ao processo. De parte da empresa, h\u00e1 a disposi\u00e7\u00e3o &hellip; <a href=\"https:\/\/blog.correios.com.br\/acordocoletivo\/?p=4818\">Continue lendo <span class=\"meta-nav\">&rarr;<\/span><\/a><\/p>\n","protected":false},"author":44,"featured_media":0,"comment_status":"open","ping_status":"open","sticky":false,"template":"","format":"standard","meta":{"footnotes":""},"categories":[14,29],"tags":[],"class_list":["post-4818","post","type-post","status-publish","format-standard","hentry","category-acordo-coletivo","category-negociacao-permanente"],"_links":{"self":[{"href":"https:\/\/blog.correios.com.br\/acordocoletivo\/index.php?rest_route=\/wp\/v2\/posts\/4818","targetHints":{"allow":["GET"]}}],"collection":[{"href":"https:\/\/blog.correios.com.br\/acordocoletivo\/index.php?rest_route=\/wp\/v2\/posts"}],"about":[{"href":"https:\/\/blog.correios.com.br\/acordocoletivo\/index.php?rest_route=\/wp\/v2\/types\/post"}],"author":[{"embeddable":true,"href":"https:\/\/blog.correios.com.br\/acordocoletivo\/index.php?rest_route=\/wp\/v2\/users\/44"}],"replies":[{"embeddable":true,"href":"https:\/\/blog.correios.com.br\/acordocoletivo\/index.php?rest_route=%2Fwp%2Fv2%2Fcomments&post=4818"}],"version-history":[{"count":2,"href":"https:\/\/blog.correios.com.br\/acordocoletivo\/index.php?rest_route=\/wp\/v2\/posts\/4818\/revisions"}],"predecessor-version":[{"id":4821,"href":"https:\/\/blog.correios.com.br\/acordocoletivo\/index.php?rest_route=\/wp\/v2\/posts\/4818\/revisions\/4821"}],"wp:attachment":[{"href":"https:\/\/blog.correios.com.br\/acordocoletivo\/index.php?rest_route=%2Fwp%2Fv2%2Fmedia&parent=4818"}],"wp:term":[{"taxonomy":"category","embeddable":true,"href":"https:\/\/blog.correios.com.br\/acordocoletivo\/index.php?rest_route=%2Fwp%2Fv2%2Fcategories&post=4818"},{"taxonomy":"post_tag","embeddable":true,"href":"https:\/\/blog.correios.com.br\/acordocoletivo\/index.php?rest_route=%2Fwp%2Fv2%2Ftags&post=4818"}],"curies":[{"name":"wp","href":"https:\/\/api.w.org\/{rel}","templated":true}]}}