{"id":4826,"date":"2019-07-03T20:41:51","date_gmt":"2019-07-03T23:41:51","guid":{"rendered":"http:\/\/blog.correios.com.br\/acordocoletivo\/?p=4826"},"modified":"2019-07-04T16:08:55","modified_gmt":"2019-07-04T19:08:55","slug":"correios-apresenta-cenario-economico-financeiro","status":"publish","type":"post","link":"https:\/\/blog.correios.com.br\/acordocoletivo\/?p=4826","title":{"rendered":"Correios apresenta cen\u00e1rio econ\u00f4mico-financeiro"},"content":{"rendered":"<p>A reuni\u00e3o das negocia\u00e7\u00f5es para o ACT 2019\/2020, realizada nesta quarta-feira (3), iniciou com apresenta\u00e7\u00e3o do cen\u00e1rio econ\u00f4mico-financeiro dos Correios.<\/p>\n<p>Apesar dos resultados dos indicadores j\u00e1 mostrarem um crescimento nas receitas em 2019, ainda h\u00e1 um d\u00e9ficit acumulado, o que torna fundamental a implementa\u00e7\u00e3o de a\u00e7\u00f5es focadas na sustentabilidade da empresa.<\/p>\n<p>Na sequ\u00eancia, foi apresentada a proposta dos Correios para o ACT 2019\/2020. Das 79 cl\u00e1usulas que comp\u00f5em o acordo vigente, foi proposta a manuten\u00e7\u00e3o de 45, a adequa\u00e7\u00e3o de 19 e a defini\u00e7\u00e3o de uma nova proposta para apenas 15 cl\u00e1usulas.<\/p>\n<p>As cl\u00e1usulas a serem mantidas e ajustadas foram detalhadas nesta quarta; as cl\u00e1usulas a serem redefinidas ser\u00e3o apresentadas na reuni\u00e3o de quinta-feira, com exce\u00e7\u00e3o da Cl\u00e1usula 28 e do \u00edndice econ\u00f4mico, conforme definido em calend\u00e1rio acordado entre os representantes da empresa e dos empregados.<\/p>\n<p>Confira a ata da reuni\u00e3o no <a href=\"https:\/\/blog.correios.com.br\/acordocoletivo\/wp-content\/uploads\/2019\/07\/Ata-2-2019-07-03-20.18.21.pdf\">link<\/a>\u00a0e a <a href=\"https:\/\/blog.correios.com.br\/acordocoletivo\/wp-content\/uploads\/2019\/07\/2019_07_03-ACT-2019-2020-Propostas-Correios.pdf\">apresenta\u00e7\u00e3o<\/a> dos Correios.<\/p>\n<p>&nbsp;<\/p>\n","protected":false},"excerpt":{"rendered":"<p>A reuni\u00e3o das negocia\u00e7\u00f5es para o ACT 2019\/2020, realizada nesta quarta-feira (3), iniciou com apresenta\u00e7\u00e3o do cen\u00e1rio econ\u00f4mico-financeiro dos Correios. Apesar dos resultados dos indicadores j\u00e1 mostrarem um crescimento nas receitas em 2019, ainda h\u00e1 um d\u00e9ficit acumulado, o que &hellip; <a href=\"https:\/\/blog.correios.com.br\/acordocoletivo\/?p=4826\">Continue lendo <span class=\"meta-nav\">&rarr;<\/span><\/a><\/p>\n","protected":false},"author":44,"featured_media":0,"comment_status":"open","ping_status":"open","sticky":false,"template":"","format":"standard","meta":{"footnotes":""},"categories":[14,29],"tags":[],"class_list":["post-4826","post","type-post","status-publish","format-standard","hentry","category-acordo-coletivo","category-negociacao-permanente"],"_links":{"self":[{"href":"https:\/\/blog.correios.com.br\/acordocoletivo\/index.php?rest_route=\/wp\/v2\/posts\/4826","targetHints":{"allow":["GET"]}}],"collection":[{"href":"https:\/\/blog.correios.com.br\/acordocoletivo\/index.php?rest_route=\/wp\/v2\/posts"}],"about":[{"href":"https:\/\/blog.correios.com.br\/acordocoletivo\/index.php?rest_route=\/wp\/v2\/types\/post"}],"author":[{"embeddable":true,"href":"https:\/\/blog.correios.com.br\/acordocoletivo\/index.php?rest_route=\/wp\/v2\/users\/44"}],"replies":[{"embeddable":true,"href":"https:\/\/blog.correios.com.br\/acordocoletivo\/index.php?rest_route=%2Fwp%2Fv2%2Fcomments&post=4826"}],"version-history":[{"count":5,"href":"https:\/\/blog.correios.com.br\/acordocoletivo\/index.php?rest_route=\/wp\/v2\/posts\/4826\/revisions"}],"predecessor-version":[{"id":4836,"href":"https:\/\/blog.correios.com.br\/acordocoletivo\/index.php?rest_route=\/wp\/v2\/posts\/4826\/revisions\/4836"}],"wp:attachment":[{"href":"https:\/\/blog.correios.com.br\/acordocoletivo\/index.php?rest_route=%2Fwp%2Fv2%2Fmedia&parent=4826"}],"wp:term":[{"taxonomy":"category","embeddable":true,"href":"https:\/\/blog.correios.com.br\/acordocoletivo\/index.php?rest_route=%2Fwp%2Fv2%2Fcategories&post=4826"},{"taxonomy":"post_tag","embeddable":true,"href":"https:\/\/blog.correios.com.br\/acordocoletivo\/index.php?rest_route=%2Fwp%2Fv2%2Ftags&post=4826"}],"curies":[{"name":"wp","href":"https:\/\/api.w.org\/{rel}","templated":true}]}}