{"id":4830,"date":"2019-07-04T15:53:51","date_gmt":"2019-07-04T18:53:51","guid":{"rendered":"http:\/\/blog.correios.com.br\/acordocoletivo\/?p=4830"},"modified":"2019-07-04T15:53:51","modified_gmt":"2019-07-04T18:53:51","slug":"correios-apresenta-proposta-para-act-20192020","status":"publish","type":"post","link":"https:\/\/blog.correios.com.br\/acordocoletivo\/?p=4830","title":{"rendered":"Correios apresenta proposta para ACT 2019\/2020"},"content":{"rendered":"<p>Em continuidade \u00e0 apresenta\u00e7\u00e3o da proposta dos Correios para o ACT 2019\/2020, a reuni\u00e3o desta quinta-feira (4) come\u00e7ou com os representantes da empresa detalhando as 12 cl\u00e1usulas para as quais s\u00e3o propostas modifica\u00e7\u00f5es, tendo como foco a recupera\u00e7\u00e3o econ\u00f4mico-financeira e o resgate da sustentabilidade da organiza\u00e7\u00e3o.<\/p>\n<p>Conforme estabelecido em calend\u00e1rio previamente acordado em mesa, as outras tr\u00eas cl\u00e1usulas para as quais os Correios prop\u00f5em altera\u00e7\u00f5es &#8211; \u00edndice de ajuste econ\u00f4mico, registro de ponto e cl\u00e1usula 28 &#8211; ser\u00e3o oficializadas pela empresa at\u00e9 o dia 11 de julho.<\/p>\n<p>Ao final da reuni\u00e3o, os representantes dos empregados apresentaram seus argumentos iniciais com rela\u00e7\u00e3o \u00e0 proposta da empresa, comprometendo-se a levar as cl\u00e1usulas para discuss\u00e3o nas assembleias, a serem realizadas entre 5 e 15 de julho.<\/p>\n<p>A retomada das negocia\u00e7\u00f5es est\u00e1 agendada para o dia 16 de julho, quando ser\u00e3o oficializados os resultados das assembleias e apresentada a an\u00e1lise das federa\u00e7\u00f5es quanto \u00e0 proposta da empresa, bem como suas principais reivindica\u00e7\u00f5es.<\/p>\n<p>Confira a <a href=\"https:\/\/blog.correios.com.br\/acordocoletivo\/wp-content\/uploads\/2019\/07\/Ata-3-2019-07-04-compactado.pdf\">ata<\/a> da reuni\u00e3o e a <a href=\"https:\/\/blog.correios.com.br\/acordocoletivo\/wp-content\/uploads\/2019\/07\/2019_07_04-ACT-2019-2020-Propostas-Correios.pdf\">proposta<\/a> da empresa para o ACT 2019\/2020.<\/p>\n","protected":false},"excerpt":{"rendered":"<p>Em continuidade \u00e0 apresenta\u00e7\u00e3o da proposta dos Correios para o ACT 2019\/2020, a reuni\u00e3o desta quinta-feira (4) come\u00e7ou com os representantes da empresa detalhando as 12 cl\u00e1usulas para as quais s\u00e3o propostas modifica\u00e7\u00f5es, tendo como foco a recupera\u00e7\u00e3o econ\u00f4mico-financeira e &hellip; <a href=\"https:\/\/blog.correios.com.br\/acordocoletivo\/?p=4830\">Continue lendo <span class=\"meta-nav\">&rarr;<\/span><\/a><\/p>\n","protected":false},"author":44,"featured_media":0,"comment_status":"open","ping_status":"open","sticky":false,"template":"","format":"standard","meta":{"footnotes":""},"categories":[14,29],"tags":[],"class_list":["post-4830","post","type-post","status-publish","format-standard","hentry","category-acordo-coletivo","category-negociacao-permanente"],"_links":{"self":[{"href":"https:\/\/blog.correios.com.br\/acordocoletivo\/index.php?rest_route=\/wp\/v2\/posts\/4830","targetHints":{"allow":["GET"]}}],"collection":[{"href":"https:\/\/blog.correios.com.br\/acordocoletivo\/index.php?rest_route=\/wp\/v2\/posts"}],"about":[{"href":"https:\/\/blog.correios.com.br\/acordocoletivo\/index.php?rest_route=\/wp\/v2\/types\/post"}],"author":[{"embeddable":true,"href":"https:\/\/blog.correios.com.br\/acordocoletivo\/index.php?rest_route=\/wp\/v2\/users\/44"}],"replies":[{"embeddable":true,"href":"https:\/\/blog.correios.com.br\/acordocoletivo\/index.php?rest_route=%2Fwp%2Fv2%2Fcomments&post=4830"}],"version-history":[{"count":1,"href":"https:\/\/blog.correios.com.br\/acordocoletivo\/index.php?rest_route=\/wp\/v2\/posts\/4830\/revisions"}],"predecessor-version":[{"id":4833,"href":"https:\/\/blog.correios.com.br\/acordocoletivo\/index.php?rest_route=\/wp\/v2\/posts\/4830\/revisions\/4833"}],"wp:attachment":[{"href":"https:\/\/blog.correios.com.br\/acordocoletivo\/index.php?rest_route=%2Fwp%2Fv2%2Fmedia&parent=4830"}],"wp:term":[{"taxonomy":"category","embeddable":true,"href":"https:\/\/blog.correios.com.br\/acordocoletivo\/index.php?rest_route=%2Fwp%2Fv2%2Fcategories&post=4830"},{"taxonomy":"post_tag","embeddable":true,"href":"https:\/\/blog.correios.com.br\/acordocoletivo\/index.php?rest_route=%2Fwp%2Fv2%2Ftags&post=4830"}],"curies":[{"name":"wp","href":"https:\/\/api.w.org\/{rel}","templated":true}]}}