{"id":4909,"date":"2020-07-14T19:02:13","date_gmt":"2020-07-14T22:02:13","guid":{"rendered":"http:\/\/blog.correios.com.br\/acordocoletivo\/?p=4909"},"modified":"2020-07-14T19:05:36","modified_gmt":"2020-07-14T22:05:36","slug":"informe-02-act-20202021","status":"publish","type":"post","link":"https:\/\/blog.correios.com.br\/acordocoletivo\/?p=4909","title":{"rendered":"Informe 02 \u2013 ACT 2020\/2021"},"content":{"rendered":"<p>Prezados empregados,<\/p>\n<p>Para compreender a proposta apresentada \u00e0s entidades representativas, al\u00e9m dos argumentos expostos na mensagem anterior, \u00e9 preciso, primeiramente, conhecer a situa\u00e7\u00e3o econ\u00f4mica dos Correios no contexto atual.<\/p>\n<p>\u00c9 consenso que a pandemia da COVID-19 est\u00e1 prejudicando a atividade econ\u00f4mica mundo afora e, em maior ou menor intensidade, todos t\u00eam sentido os efeitos dessa crise. Em pa\u00edses de dimens\u00f5es continentais como o Brasil, a situa\u00e7\u00e3o tende a ocorrer em ciclos, pois afeta diferentes regi\u00f5es em momentos distintos. Com isso, os Correios precisam agir para mitigar os efeitos da pandemia de acordo com o cen\u00e1rio de cada localidade. Consequentemente, h\u00e1 prolongamento da necessidade de se arcar com gastos emergenciais, indispens\u00e1veis para garantir a seguran\u00e7a e a sa\u00fade de empregados, clientes e fornecedores.<\/p>\n<p>Essas despesas, obviamente, somam-se a outras j\u00e1 previstas no or\u00e7amento dos Correios, que, por sua vez, sofreram consider\u00e1vel aumento em raz\u00e3o da pandemia. Para se ter ideia do impacto sobre as finan\u00e7as dos Correios, conv\u00e9m analisar os gastos com a realiza\u00e7\u00e3o de jornadas aos fins de semana, m\u00e3o de obra tempor\u00e1ria e indeniza\u00e7\u00f5es postais nos primeiros seis meses de 2020.<\/p>\n<p>Em janeiro, a necessidade de dar vaz\u00e3o \u00e0 volumosa carga referente que o per\u00edodo de festas de fim de ano provoca, tradicionalmente, o aumento das despesas acima citadas. Assim, os valores elevados neste m\u00eas sofrem um decr\u00e9scimo no per\u00edodo subsequente. No entanto, o que se verifica no gr\u00e1fico abaixo \u00e9 um incremento dessas despesas a partir de mar\u00e7o, quando foi declarada a pandemia, contrariando a tend\u00eancia habitual.<\/p>\n<p><a href=\"https:\/\/blog.correios.com.br\/acordocoletivo\/wp-content\/uploads\/2020\/07\/tabela1.jpg\"><img loading=\"lazy\" decoding=\"async\" class=\"alignnone size-full wp-image-4910\" src=\"https:\/\/blog.correios.com.br\/acordocoletivo\/wp-content\/uploads\/2020\/07\/tabela1.jpg\" alt=\"\" width=\"672\" height=\"227\" srcset=\"https:\/\/blog.correios.com.br\/acordocoletivo\/wp-content\/uploads\/2020\/07\/tabela1.jpg 672w, https:\/\/blog.correios.com.br\/acordocoletivo\/wp-content\/uploads\/2020\/07\/tabela1-300x101.jpg 300w\" sizes=\"auto, (max-width: 672px) 100vw, 672px\" \/><\/a><\/p>\n<p>Quanto \u00e0s indeniza\u00e7\u00f5es postais, \u00faltimo item da tabela apresentada, cabe um destaque: trata-se de recurso desperdi\u00e7ado pela empresa, pois \u00e9 referente ao n\u00e3o cumprimento de obriga\u00e7\u00f5es j\u00e1 contratadas. Se investido corretamente, esse montante pode impulsionar a moderniza\u00e7\u00e3o da empresa, entre outros benef\u00edcios, tornando-a melhor para os clientes e, consequentemente, para os empregados.<\/p>\n<p>\u00c9 necess\u00e1rio ressaltar, ainda, que n\u00e3o h\u00e1 previs\u00e3o para a redu\u00e7\u00e3o dessas despesas, pois a pandemia permanece afetando o pa\u00eds como um todo, sem sinalizar redu\u00e7\u00e3o dos indicadores nos Estados, seguindo das capitais para o interior.<\/p>\n<p>Abordando outro aspecto das finan\u00e7as da empresa, sobressaem-se as consequ\u00eancias do fechamento de ag\u00eancias e centros operacionais em raz\u00e3o de determina\u00e7\u00f5es externas, o que prejudica a log\u00edstica como um todo. Nessas ocorr\u00eancias, a\u00e7\u00f5es extremamente indesej\u00e1veis t\u00eam levado \u00e0 interdi\u00e7\u00e3o de in\u00fameras unidades, circunst\u00e2ncia que provoca o agravamento da situa\u00e7\u00e3o econ\u00f4mica dos Correios ao impactar sua tradicional efici\u00eancia junto \u00e0 sociedade. Este quadro, no momento, \u00e9 agravado pelo car\u00e1ter essencial da empresa nas a\u00e7\u00f5es de enfrentamento \u00e0 pandemia.<\/p>\n<p>Segundo a previs\u00e3o da \u00e1rea financeira, o custo do fechamento tempor\u00e1rio dessas unidades ser\u00e1, considerando apenas o per\u00edodo de abril a junho, de R$ 171,5 milh\u00f5es. Somado a isso, os Correios deixar\u00e3o de faturar cerca de R$ 75 milh\u00f5es devido \u00e0 inatividade das unidades mencionadas.<\/p>\n<p>Na linha do que j\u00e1 foi destacado, ressaltam-se os seguintes reflexos do fechamento de unidades: impacto negativo na qualidade dos servi\u00e7os; redu\u00e7\u00e3o dos \u00edndices operacionais; perda de competitividade; e migra\u00e7\u00e3o de clientes para a concorr\u00eancia. Esta \u00faltima, por sua vez, mostra-se a mais impactante para a empresa, e se intensifica a cada vez que o n\u00famero de reclama\u00e7\u00f5es aumenta.<\/p>\n<p>Voltando \u00e0 tem\u00e1tica das negocia\u00e7\u00f5es do ACT 2020\/2021, fica expl\u00edcita a necessidade de se chegar a um consenso que, ao final, restem preservadas tanto as finan\u00e7as da empresa como os empregos de seus funcion\u00e1rios. Semelhante ao ocorrido com outras categorias, o acordo trabalhista dos Correios deve entender e busca abarcar os efeitos da crise econ\u00f4mica decorrente da pandemia. Ressalta-se que, neste \u00ednterim, o Congresso Nacional suspendeu a concess\u00e3o de qualquer tipo de aumento a servidores, o que se traduz em nulidade de reajuste quando da discuss\u00e3o salarial para agentes p\u00fablicos.<\/p>\n<p>Evidentemente, 2020 \u00e9 um ano at\u00edpico. Embora tenha se iniciado de maneira promissora, revelou-se o mais desafiador das \u00faltimas d\u00e9cadas. Para os Correios, o progresso alcan\u00e7ado at\u00e9 aqui est\u00e1 sob amea\u00e7a, pois depende de decis\u00f5es estrat\u00e9gicas e firmes para ser consolidado. Portanto, \u00e9 imprescind\u00edvel a compreens\u00e3o de todos os empregados no sentido de, impreterivelmente, reconhecer a necessidade de comprometimento integral com a sa\u00fade financeira da empresa em longo prazo.<\/p>\n<p>Confira\u00a0amanh\u00e3 a Proposta dos Correios para o ACT 2020\/2021.<\/p>\n","protected":false},"excerpt":{"rendered":"<p>Prezados empregados, Para compreender a proposta apresentada \u00e0s entidades representativas, al\u00e9m dos argumentos expostos na mensagem anterior, \u00e9 preciso, primeiramente, conhecer a situa\u00e7\u00e3o econ\u00f4mica dos Correios no contexto atual. \u00c9 consenso que a pandemia da COVID-19 est\u00e1 prejudicando a atividade &hellip; <a href=\"https:\/\/blog.correios.com.br\/acordocoletivo\/?p=4909\">Continue lendo <span class=\"meta-nav\">&rarr;<\/span><\/a><\/p>\n","protected":false},"author":44,"featured_media":0,"comment_status":"closed","ping_status":"open","sticky":false,"template":"","format":"standard","meta":{"footnotes":""},"categories":[1],"tags":[],"class_list":["post-4909","post","type-post","status-publish","format-standard","hentry","category-sem-categoria"],"_links":{"self":[{"href":"https:\/\/blog.correios.com.br\/acordocoletivo\/index.php?rest_route=\/wp\/v2\/posts\/4909","targetHints":{"allow":["GET"]}}],"collection":[{"href":"https:\/\/blog.correios.com.br\/acordocoletivo\/index.php?rest_route=\/wp\/v2\/posts"}],"about":[{"href":"https:\/\/blog.correios.com.br\/acordocoletivo\/index.php?rest_route=\/wp\/v2\/types\/post"}],"author":[{"embeddable":true,"href":"https:\/\/blog.correios.com.br\/acordocoletivo\/index.php?rest_route=\/wp\/v2\/users\/44"}],"replies":[{"embeddable":true,"href":"https:\/\/blog.correios.com.br\/acordocoletivo\/index.php?rest_route=%2Fwp%2Fv2%2Fcomments&post=4909"}],"version-history":[{"count":2,"href":"https:\/\/blog.correios.com.br\/acordocoletivo\/index.php?rest_route=\/wp\/v2\/posts\/4909\/revisions"}],"predecessor-version":[{"id":4912,"href":"https:\/\/blog.correios.com.br\/acordocoletivo\/index.php?rest_route=\/wp\/v2\/posts\/4909\/revisions\/4912"}],"wp:attachment":[{"href":"https:\/\/blog.correios.com.br\/acordocoletivo\/index.php?rest_route=%2Fwp%2Fv2%2Fmedia&parent=4909"}],"wp:term":[{"taxonomy":"category","embeddable":true,"href":"https:\/\/blog.correios.com.br\/acordocoletivo\/index.php?rest_route=%2Fwp%2Fv2%2Fcategories&post=4909"},{"taxonomy":"post_tag","embeddable":true,"href":"https:\/\/blog.correios.com.br\/acordocoletivo\/index.php?rest_route=%2Fwp%2Fv2%2Ftags&post=4909"}],"curies":[{"name":"wp","href":"https:\/\/api.w.org\/{rel}","templated":true}]}}