{"id":5031,"date":"2020-09-02T09:30:23","date_gmt":"2020-09-02T12:30:23","guid":{"rendered":"http:\/\/blog.correios.com.br\/acordocoletivo\/?p=5031"},"modified":"2020-09-02T09:38:08","modified_gmt":"2020-09-02T12:38:08","slug":"podcast-da-negociacao-9-1o92020","status":"publish","type":"post","link":"https:\/\/blog.correios.com.br\/acordocoletivo\/?p=5031","title":{"rendered":"Podcast da Negocia\u00e7\u00e3o 9 &#8211; 2\/9\/2020"},"content":{"rendered":"<div style=\"width: 640px;\" class=\"wp-video\"><video class=\"wp-video-shortcode\" id=\"video-5031-1\" width=\"640\" height=\"360\" preload=\"metadata\" controls=\"controls\"><source type=\"video\/mp4\" src=\"https:\/\/blog.correios.com.br\/acordocoletivo\/wp-content\/uploads\/2020\/09\/VIDEO-2020-09-02-09-11-21.mp4?_=1\" \/><a href=\"https:\/\/blog.correios.com.br\/acordocoletivo\/wp-content\/uploads\/2020\/09\/VIDEO-2020-09-02-09-11-21.mp4\">https:\/\/blog.correios.com.br\/acordocoletivo\/wp-content\/uploads\/2020\/09\/VIDEO-2020-09-02-09-11-21.mp4<\/a><\/video><\/div>\n<p>Ol\u00e1, este \u00e9 o Podcast da Negocia\u00e7\u00e3o, onde s\u00e3o aprofundados os principais temas que n\u00f3s, empregados dos Correios, precisamos estar atentos neste momento t\u00e3o importante e decisivo da nossa hist\u00f3ria.<\/p>\n<p>Mesmo com a paralisa\u00e7\u00e3o parcial, a maioria dos empregados demonstra que, juntos, somos essenciais para aproximar o Brasil. Tanto o efetivo operacional quanto o administrativo est\u00e3o trabalhando de segunda a sexta-feira, e nos mutir\u00f5es dos finais de semana, para minimizar os impactos \u00e0 popula\u00e7\u00e3o.<\/p>\n<p>Os Correios agradecem os esfor\u00e7os dos empregados que se mant\u00eam firmes no prop\u00f3sito de servir \u00e0 sociedade e ao pa\u00eds, e contam com o retorno ao trabalho daqueles que ainda est\u00e3o em greve. A quest\u00e3o encontra-se em ju\u00edzo e ser\u00e1 resolvida pelo Tribunal Superior do Trabalho (TST). \u00c9 importante destacar que o tribunal concedeu liminar determinando que a categoria profissional mantenha contingente m\u00ednimo de 70% dos trabalhadores em cada unidade, calculado sobre o quantitativo de trabalhadores efetivos que estavam trabalhando presencialmente no dia 14 de agosto de 2020, al\u00e9m de se abster de impedir, nas referidas unidades, o livre tr\u00e2nsito de bens, pessoas e cargas postais. Fixou, ainda, a multa di\u00e1ria de R$ 100 mil em caso de descumprimento das determina\u00e7\u00f5es.<\/p>\n<p>Desde o in\u00edcio da negocia\u00e7\u00e3o do Acordo Coletivo de Trabalho 2020\/2021, a empresa tem sido transparente sobre a sua situa\u00e7\u00e3o econ\u00f4mico-financeira, agravada pela crise mundial causada pela pandemia de Covid-19. Situa\u00e7\u00e3o, inclusive, que vem sendo reiterada ao TST, que julgar\u00e1 a a\u00e7\u00e3o de diss\u00eddio.<\/p>\n<p>\u00c9 importante relembrar que os Correios t\u00eam preservado empregos, sal\u00e1rios e todos os direitos previstos na CLT, bem como outros benef\u00edcios concedidos aos trabalhadores.<\/p>\n<p>Continue acompanhando os informativos da empresa para saber tudo que envolve os nossos direitos e fique atento \u00e0 veicula\u00e7\u00e3o de mensagens falsas. O que est\u00e1 em jogo \u00e9 a sobreviv\u00eancia dos Correios e o nosso futuro profissional. Pense nisso!<\/p>\n","protected":false},"excerpt":{"rendered":"<p>Ol\u00e1, este \u00e9 o Podcast da Negocia\u00e7\u00e3o, onde s\u00e3o aprofundados os principais temas que n\u00f3s, empregados dos Correios, precisamos estar atentos neste momento t\u00e3o importante e decisivo da nossa hist\u00f3ria. Mesmo com a paralisa\u00e7\u00e3o parcial, a maioria dos empregados demonstra &hellip; <a href=\"https:\/\/blog.correios.com.br\/acordocoletivo\/?p=5031\">Continue lendo <span class=\"meta-nav\">&rarr;<\/span><\/a><\/p>\n","protected":false},"author":44,"featured_media":0,"comment_status":"closed","ping_status":"open","sticky":false,"template":"","format":"standard","meta":{"footnotes":""},"categories":[1],"tags":[],"class_list":["post-5031","post","type-post","status-publish","format-standard","hentry","category-sem-categoria"],"_links":{"self":[{"href":"https:\/\/blog.correios.com.br\/acordocoletivo\/index.php?rest_route=\/wp\/v2\/posts\/5031","targetHints":{"allow":["GET"]}}],"collection":[{"href":"https:\/\/blog.correios.com.br\/acordocoletivo\/index.php?rest_route=\/wp\/v2\/posts"}],"about":[{"href":"https:\/\/blog.correios.com.br\/acordocoletivo\/index.php?rest_route=\/wp\/v2\/types\/post"}],"author":[{"embeddable":true,"href":"https:\/\/blog.correios.com.br\/acordocoletivo\/index.php?rest_route=\/wp\/v2\/users\/44"}],"replies":[{"embeddable":true,"href":"https:\/\/blog.correios.com.br\/acordocoletivo\/index.php?rest_route=%2Fwp%2Fv2%2Fcomments&post=5031"}],"version-history":[{"count":6,"href":"https:\/\/blog.correios.com.br\/acordocoletivo\/index.php?rest_route=\/wp\/v2\/posts\/5031\/revisions"}],"predecessor-version":[{"id":5039,"href":"https:\/\/blog.correios.com.br\/acordocoletivo\/index.php?rest_route=\/wp\/v2\/posts\/5031\/revisions\/5039"}],"wp:attachment":[{"href":"https:\/\/blog.correios.com.br\/acordocoletivo\/index.php?rest_route=%2Fwp%2Fv2%2Fmedia&parent=5031"}],"wp:term":[{"taxonomy":"category","embeddable":true,"href":"https:\/\/blog.correios.com.br\/acordocoletivo\/index.php?rest_route=%2Fwp%2Fv2%2Fcategories&post=5031"},{"taxonomy":"post_tag","embeddable":true,"href":"https:\/\/blog.correios.com.br\/acordocoletivo\/index.php?rest_route=%2Fwp%2Fv2%2Ftags&post=5031"}],"curies":[{"name":"wp","href":"https:\/\/api.w.org\/{rel}","templated":true}]}}