{"id":5041,"date":"2020-09-11T19:13:08","date_gmt":"2020-09-11T22:13:08","guid":{"rendered":"http:\/\/blog.correios.com.br\/acordocoletivo\/?p=5041"},"modified":"2020-09-11T19:31:49","modified_gmt":"2020-09-11T22:31:49","slug":"correios-aguarda-julgamento-do-dissidio","status":"publish","type":"post","link":"https:\/\/blog.correios.com.br\/acordocoletivo\/?p=5041","title":{"rendered":"Correios aguarda julgamento do diss\u00eddio"},"content":{"rendered":"<p>Na tarde desta sexta-feira, dia 11, os Correios e as representa\u00e7\u00f5es sindicais participaram de audi\u00eancia de concilia\u00e7\u00e3o no Tribunal Superior do Trabalho (TST), em Bras\u00edlia (DF). Como n\u00e3o houve consenso, a ministra K\u00e1tia Magalh\u00e3es Arruda, designada relatora do diss\u00eddio coletivo, marcou o julgamento da a\u00e7\u00e3o para o pr\u00f3ximo dia 21.<\/p>\n<p>Os Correios seguem trabalhando para reduzir os efeitos da paralisa\u00e7\u00e3o parcial. Durante o \u00faltimo fim de semana e feriado de Dia da Independ\u00eancia, os empregados das \u00e1reas administrativa e operacional estiveram mais uma vez unidos em prol de manuten\u00e7\u00e3o dos nossos servi\u00e7os. Nas \u00faltimas quatro semanas, seguindo o plano de continuidade do neg\u00f3cio, j\u00e1 foram mais 187 milh\u00f5es de objetos postais, entre cartas e encomendas, entregues em todo o pa\u00eds.<\/p>\n<p>Desde o in\u00edcio da negocia\u00e7\u00e3o do Acordo Coletivo de Trabalho 2020\/2021, a empresa tem sido transparente sobre a sua situa\u00e7\u00e3o econ\u00f4mico-financeira, agravada pela crise mundial causada pela pandemia de Covid-19. Situa\u00e7\u00e3o, inclusive, que vem sendo reiterada ao TST, que julgar\u00e1 a a\u00e7\u00e3o de diss\u00eddio.<\/p>\n<p>Os Correios agradecem os esfor\u00e7os dos empregados que se mant\u00eam firmes no prop\u00f3sito de servir \u00e0 sociedade e ao pa\u00eds, e contam com o retorno ao trabalho daqueles que ainda est\u00e3o em greve. A quest\u00e3o encontra-se em ju\u00edzo e ser\u00e1 resolvida pelo Tribunal Superior do Trabalho (TST). \u00c9 importante relembrar que a empresa tem preservado empregos, sal\u00e1rios e todos os direitos previstos na CLT, bem como outros benef\u00edcios concedidos aos trabalhadores.<\/p>\n<p>Continue acompanhando os informativos institucionais da empresa para saber tudo que envolve os nossos direitos e fique atento \u00e0 veicula\u00e7\u00e3o de mensagens falsas. O que est\u00e1 em jogo \u00e9 a sobreviv\u00eancia dos Correios e o nosso futuro profissional. Pense nisso!<\/p>\n","protected":false},"excerpt":{"rendered":"<p>Na tarde desta sexta-feira, dia 11, os Correios e as representa\u00e7\u00f5es sindicais participaram de audi\u00eancia de concilia\u00e7\u00e3o no Tribunal Superior do Trabalho (TST), em Bras\u00edlia (DF). Como n\u00e3o houve consenso, a ministra K\u00e1tia Magalh\u00e3es Arruda, designada relatora do diss\u00eddio coletivo, &hellip; <a href=\"https:\/\/blog.correios.com.br\/acordocoletivo\/?p=5041\">Continue lendo <span class=\"meta-nav\">&rarr;<\/span><\/a><\/p>\n","protected":false},"author":44,"featured_media":0,"comment_status":"closed","ping_status":"open","sticky":false,"template":"","format":"standard","meta":{"footnotes":""},"categories":[1],"tags":[],"class_list":["post-5041","post","type-post","status-publish","format-standard","hentry","category-sem-categoria"],"_links":{"self":[{"href":"https:\/\/blog.correios.com.br\/acordocoletivo\/index.php?rest_route=\/wp\/v2\/posts\/5041","targetHints":{"allow":["GET"]}}],"collection":[{"href":"https:\/\/blog.correios.com.br\/acordocoletivo\/index.php?rest_route=\/wp\/v2\/posts"}],"about":[{"href":"https:\/\/blog.correios.com.br\/acordocoletivo\/index.php?rest_route=\/wp\/v2\/types\/post"}],"author":[{"embeddable":true,"href":"https:\/\/blog.correios.com.br\/acordocoletivo\/index.php?rest_route=\/wp\/v2\/users\/44"}],"replies":[{"embeddable":true,"href":"https:\/\/blog.correios.com.br\/acordocoletivo\/index.php?rest_route=%2Fwp%2Fv2%2Fcomments&post=5041"}],"version-history":[{"count":2,"href":"https:\/\/blog.correios.com.br\/acordocoletivo\/index.php?rest_route=\/wp\/v2\/posts\/5041\/revisions"}],"predecessor-version":[{"id":5043,"href":"https:\/\/blog.correios.com.br\/acordocoletivo\/index.php?rest_route=\/wp\/v2\/posts\/5041\/revisions\/5043"}],"wp:attachment":[{"href":"https:\/\/blog.correios.com.br\/acordocoletivo\/index.php?rest_route=%2Fwp%2Fv2%2Fmedia&parent=5041"}],"wp:term":[{"taxonomy":"category","embeddable":true,"href":"https:\/\/blog.correios.com.br\/acordocoletivo\/index.php?rest_route=%2Fwp%2Fv2%2Fcategories&post=5041"},{"taxonomy":"post_tag","embeddable":true,"href":"https:\/\/blog.correios.com.br\/acordocoletivo\/index.php?rest_route=%2Fwp%2Fv2%2Ftags&post=5041"}],"curies":[{"name":"wp","href":"https:\/\/api.w.org\/{rel}","templated":true}]}}