{"id":5047,"date":"2020-09-16T14:32:33","date_gmt":"2020-09-16T17:32:33","guid":{"rendered":"http:\/\/blog.correios.com.br\/acordocoletivo\/?p=5047"},"modified":"2020-09-16T14:32:33","modified_gmt":"2020-09-16T17:32:33","slug":"podcast-da-negociacao-10-1692020","status":"publish","type":"post","link":"https:\/\/blog.correios.com.br\/acordocoletivo\/?p=5047","title":{"rendered":"Podcast da Negocia\u00e7\u00e3o 10 \u2013 16\/9\/2020"},"content":{"rendered":"<div style=\"width: 640px;\" class=\"wp-video\"><video class=\"wp-video-shortcode\" id=\"video-5047-1\" width=\"640\" height=\"360\" preload=\"metadata\" controls=\"controls\"><source type=\"video\/mp4\" src=\"https:\/\/blog.correios.com.br\/acordocoletivo\/wp-content\/uploads\/2020\/09\/Podcast-Negocia\u00e7\u00e3o-10.mp4?_=1\" \/><a href=\"https:\/\/blog.correios.com.br\/acordocoletivo\/wp-content\/uploads\/2020\/09\/Podcast-Negocia\u00e7\u00e3o-10.mp4\">https:\/\/blog.correios.com.br\/acordocoletivo\/wp-content\/uploads\/2020\/09\/Podcast-Negocia\u00e7\u00e3o-10.mp4<\/a><\/video><\/div>\n<p>Ol\u00e1, este \u00e9 o Podcast da Negocia\u00e7\u00e3o, onde s\u00e3o aprofundados os principais temas que n\u00f3s, empregados dos Correios, precisamos estar atentos neste momento t\u00e3o importante e decisivo da nossa hist\u00f3ria.<\/p>\n<p>Durante todo o m\u00eas de julho deste ano, os Correios tentaram negociar com as entidades representativas dos empregados os termos do Acordo Coletivo de Trabalho 2020\/2021. Em continuidade \u00e0s a\u00e7\u00f5es de fortalecimento das finan\u00e7as e consequente preserva\u00e7\u00e3o da sustentabilidade da empresa, a proposta visa adequar os benef\u00edcios dos empregados \u00e0 realidade do pa\u00eds e da estatal. A economia anual prevista com a redu\u00e7\u00e3o dos privil\u00e9gios \u00e9 da ordem de R$ 800 milh\u00f5es, valor que bastaria para, em apenas tr\u00eas anos e com fluxo est\u00e1vel de receitas, cobrir o preju\u00edzo acumulado de R$ 2,4 bilh\u00f5es.<\/p>\n<p>Em contraposi\u00e7\u00e3o, os sindicatos exigiram a manuten\u00e7\u00e3o dos termos determinados no diss\u00eddio anterior, recusando-se a abrir m\u00e3o dos benef\u00edcios concedidos em tempos de prosperidade. Sobre o assunto, a empresa defende ser imprescind\u00edvel que acordos coletivos reflitam o contexto em que s\u00e3o produzidos. Ao mesmo tempo em que os Correios devem manifestar a disponibilidade para repartir lucros com seus empregados, n\u00e3o podem con<a class=\"wp-first-item\" href=\"https:\/\/blog.correios.com.br\/acordocoletivo\/wp-admin\/edit.php\">Todos os posts<\/a>tribuir para a sua fal\u00eancia ou com a acumula\u00e7\u00e3o de preju\u00edzos.<\/p>\n<p>Al\u00e9m de afetar a imagem da institui\u00e7\u00e3o e de seus empregados perante a sociedade, as paralisa\u00e7\u00f5es da maior empresa de log\u00edstica do Brasil, sobretudo no contexto atual, trazem preju\u00edzos financeiros n\u00e3o s\u00f3 \u00e0 pr\u00f3pria estatal: in\u00fameros empreendedores brasileiros dos mais diversos portes contam conosco para manterem seus neg\u00f3cios ativos.<\/p>\n<p>Os Correios t\u00eam buscado encontrar o equil\u00edbrio entre a recupera\u00e7\u00e3o financeira, ap\u00f3s anos de dilapida\u00e7\u00e3o dos seus recursos, e a manuten\u00e7\u00e3o de empregos, sal\u00e1rios e direitos dos seus empregados. Ap\u00f3s sofrerem por um longo per\u00edodo com a falta de governan\u00e7a e a corrup\u00e7\u00e3o, os Correios tiveram seu hist\u00f3rico agravado severamente por sucessivas greves.<\/p>\n<p>Para que a empresa permane\u00e7a firme no caminho da recupera\u00e7\u00e3o econ\u00f4mica, os erros das gest\u00f5es passadas exigem, hoje, medidas duras e sacrif\u00edcios. Mais do que nunca, os Correios precisam de capital para investir e competir em p\u00e9 de igualdade com as outras empresas do ramo, que se reinventam sempre no ritmo do mercado. S\u00f3 assim ser\u00e1 poss\u00edvel se estabelecer como a melhor op\u00e7\u00e3o do mercado, competindo de forma igualit\u00e1ria com outros gigantes log\u00edsticos e, por fim, garantir a sustentabilidade da empresa.<\/p>\n<p>Os Correios aguardam o retorno dos empregados que aderiram ao movimento paredista antes do julgamento do diss\u00eddio coletivo, marcado para o pr\u00f3ximo dia 21 de setembro. Cientes da nossa responsabilidade para com a sociedade, todos n\u00f3s somos indispens\u00e1veis para a presta\u00e7\u00e3o de servi\u00e7os essenciais \u00e0 popula\u00e7\u00e3o, em um momento t\u00e3o delicado para o pa\u00eds e o mundo.<\/p>\n","protected":false},"excerpt":{"rendered":"<p>Ol\u00e1, este \u00e9 o Podcast da Negocia\u00e7\u00e3o, onde s\u00e3o aprofundados os principais temas que n\u00f3s, empregados dos Correios, precisamos estar atentos neste momento t\u00e3o importante e decisivo da nossa hist\u00f3ria. Durante todo o m\u00eas de julho deste ano, os Correios &hellip; <a href=\"https:\/\/blog.correios.com.br\/acordocoletivo\/?p=5047\">Continue lendo <span class=\"meta-nav\">&rarr;<\/span><\/a><\/p>\n","protected":false},"author":44,"featured_media":0,"comment_status":"closed","ping_status":"open","sticky":false,"template":"","format":"standard","meta":{"footnotes":""},"categories":[1],"tags":[],"class_list":["post-5047","post","type-post","status-publish","format-standard","hentry","category-sem-categoria"],"_links":{"self":[{"href":"https:\/\/blog.correios.com.br\/acordocoletivo\/index.php?rest_route=\/wp\/v2\/posts\/5047","targetHints":{"allow":["GET"]}}],"collection":[{"href":"https:\/\/blog.correios.com.br\/acordocoletivo\/index.php?rest_route=\/wp\/v2\/posts"}],"about":[{"href":"https:\/\/blog.correios.com.br\/acordocoletivo\/index.php?rest_route=\/wp\/v2\/types\/post"}],"author":[{"embeddable":true,"href":"https:\/\/blog.correios.com.br\/acordocoletivo\/index.php?rest_route=\/wp\/v2\/users\/44"}],"replies":[{"embeddable":true,"href":"https:\/\/blog.correios.com.br\/acordocoletivo\/index.php?rest_route=%2Fwp%2Fv2%2Fcomments&post=5047"}],"version-history":[{"count":4,"href":"https:\/\/blog.correios.com.br\/acordocoletivo\/index.php?rest_route=\/wp\/v2\/posts\/5047\/revisions"}],"predecessor-version":[{"id":5055,"href":"https:\/\/blog.correios.com.br\/acordocoletivo\/index.php?rest_route=\/wp\/v2\/posts\/5047\/revisions\/5055"}],"wp:attachment":[{"href":"https:\/\/blog.correios.com.br\/acordocoletivo\/index.php?rest_route=%2Fwp%2Fv2%2Fmedia&parent=5047"}],"wp:term":[{"taxonomy":"category","embeddable":true,"href":"https:\/\/blog.correios.com.br\/acordocoletivo\/index.php?rest_route=%2Fwp%2Fv2%2Fcategories&post=5047"},{"taxonomy":"post_tag","embeddable":true,"href":"https:\/\/blog.correios.com.br\/acordocoletivo\/index.php?rest_route=%2Fwp%2Fv2%2Ftags&post=5047"}],"curies":[{"name":"wp","href":"https:\/\/api.w.org\/{rel}","templated":true}]}}