{"id":5071,"date":"2021-07-22T11:57:12","date_gmt":"2021-07-22T14:57:12","guid":{"rendered":"http:\/\/blog.correios.com.br\/acordocoletivo\/?p=5071"},"modified":"2021-07-22T11:57:12","modified_gmt":"2021-07-22T14:57:12","slug":"podcast-da-negociacao-02-2021-22-7-2021","status":"publish","type":"post","link":"https:\/\/blog.correios.com.br\/acordocoletivo\/?p=5071","title":{"rendered":"Podcast da Negocia\u00e7\u00e3o 02\/2021 \u2013 22\/7\/2021"},"content":{"rendered":"\n<figure class=\"wp-block-video\"><video height=\"480\" style=\"aspect-ratio: 854 \/ 480;\" width=\"854\" controls src=\"https:\/\/blog.correios.com.br\/acordocoletivo\/wp-content\/uploads\/2021\/07\/WhatsApp-Video-2021-07-21-at-17.07.27.mp4\"><\/video><\/figure>\n\n\n\n<p>Ol\u00e1, este \u00e9 o Podcast da Negocia\u00e7\u00e3o, onde tratamos os temas mais importantes para os empregados dos Correios no per\u00edodo de negocia\u00e7\u00e3o do Acordo Coletivo de Trabalho.<br><br>No dia 16 de julho de 2021 ocorreu a \u00faltima reuni\u00e3o com as federa\u00e7\u00f5es, conforme cronograma definido entre os Correios e entidades representativas. Na oportunidade, foram feitas as an\u00e1lises das atas, em prosseguimento \u00e0 negocia\u00e7\u00e3o iniciada no dia 1\u00b0 de julho. Desde o in\u00edcio do m\u00eas, foram realizadas quatro reuni\u00f5es buscando a celebra\u00e7\u00e3o do acordo, com apresenta\u00e7\u00e3o da proposta.<br><br>Nesse per\u00edodo, foi demonstrado o cen\u00e1rio de preju\u00edzo acumulado, que ainda precisa ser revertido. Entretanto, mesmo em meio ao contexto desafiador no qual o Brasil e o mundo se encontram, os representantes dos empregados sinalizaram com a rejei\u00e7\u00e3o da proposta pelas assembleias realizadas nos estados.<br><br>Afetada pela pandemia de covid-19, a empresa vem tomando medidas para garantir a sa\u00fade dos empregados, clientes e fornecedores, arcando com gastos emergenciais indispens\u00e1veis para a seguran\u00e7a de todos.<br><br>Nesse contexto, a proposta foi feita de acordo com a nossa realidade: mesmo n\u00e3o havendo reajuste salarial, os Correios v\u00e3o manter todas as cl\u00e1usulas do \u00faltimo Diss\u00eddio, com a previs\u00e3o de acr\u00e9scimo de uma cl\u00e1usula sobre Banco de Horas. A empresa ratifica essa posi\u00e7\u00e3o e continua \u00e0 disposi\u00e7\u00e3o para fechar o ACT.<br><br>N\u00e3o fique fora desse processo! Acompanhe todos os detalhes da negocia\u00e7\u00e3o do Acordo Coletivo de Trabalho no Blog da Negocia\u00e7\u00e3o e pelos ve\u00edculos de comunica\u00e7\u00e3o interna.<\/p>\n","protected":false},"excerpt":{"rendered":"<p>Ol\u00e1, este \u00e9 o Podcast da Negocia\u00e7\u00e3o, onde tratamos os temas mais importantes para os empregados dos Correios no per\u00edodo de negocia\u00e7\u00e3o do Acordo Coletivo de Trabalho. No dia 16 de julho de 2021 ocorreu a \u00faltima reuni\u00e3o com as &hellip; <a href=\"https:\/\/blog.correios.com.br\/acordocoletivo\/?p=5071\">Continue lendo <span class=\"meta-nav\">&rarr;<\/span><\/a><\/p>\n","protected":false},"author":44,"featured_media":0,"comment_status":"closed","ping_status":"open","sticky":false,"template":"","format":"standard","meta":{"footnotes":""},"categories":[1],"tags":[],"class_list":["post-5071","post","type-post","status-publish","format-standard","hentry","category-sem-categoria"],"_links":{"self":[{"href":"https:\/\/blog.correios.com.br\/acordocoletivo\/index.php?rest_route=\/wp\/v2\/posts\/5071","targetHints":{"allow":["GET"]}}],"collection":[{"href":"https:\/\/blog.correios.com.br\/acordocoletivo\/index.php?rest_route=\/wp\/v2\/posts"}],"about":[{"href":"https:\/\/blog.correios.com.br\/acordocoletivo\/index.php?rest_route=\/wp\/v2\/types\/post"}],"author":[{"embeddable":true,"href":"https:\/\/blog.correios.com.br\/acordocoletivo\/index.php?rest_route=\/wp\/v2\/users\/44"}],"replies":[{"embeddable":true,"href":"https:\/\/blog.correios.com.br\/acordocoletivo\/index.php?rest_route=%2Fwp%2Fv2%2Fcomments&post=5071"}],"version-history":[{"count":2,"href":"https:\/\/blog.correios.com.br\/acordocoletivo\/index.php?rest_route=\/wp\/v2\/posts\/5071\/revisions"}],"predecessor-version":[{"id":5075,"href":"https:\/\/blog.correios.com.br\/acordocoletivo\/index.php?rest_route=\/wp\/v2\/posts\/5071\/revisions\/5075"}],"wp:attachment":[{"href":"https:\/\/blog.correios.com.br\/acordocoletivo\/index.php?rest_route=%2Fwp%2Fv2%2Fmedia&parent=5071"}],"wp:term":[{"taxonomy":"category","embeddable":true,"href":"https:\/\/blog.correios.com.br\/acordocoletivo\/index.php?rest_route=%2Fwp%2Fv2%2Fcategories&post=5071"},{"taxonomy":"post_tag","embeddable":true,"href":"https:\/\/blog.correios.com.br\/acordocoletivo\/index.php?rest_route=%2Fwp%2Fv2%2Ftags&post=5071"}],"curies":[{"name":"wp","href":"https:\/\/api.w.org\/{rel}","templated":true}]}}