{"id":5083,"date":"2021-09-14T10:57:38","date_gmt":"2021-09-14T13:57:38","guid":{"rendered":"http:\/\/blog.correios.com.br\/acordocoletivo\/?p=5083"},"modified":"2021-09-14T10:57:38","modified_gmt":"2021-09-14T13:57:38","slug":"negociacao-do-act-2021-2022","status":"publish","type":"post","link":"https:\/\/blog.correios.com.br\/acordocoletivo\/?p=5083","title":{"rendered":"Negocia\u00e7\u00e3o do ACT 2021\/2022"},"content":{"rendered":"\n<p>Na audi\u00eancia de concilia\u00e7\u00e3o desta segunda-feira, dia 13, os Correios apresentaram uma proposta de reajuste de 100% do INPC, o que equivale a 9,85% sobre os sal\u00e1rios, as fun\u00e7\u00f5es gratificadas e os valores faciais dos vales refei\u00e7\u00e3o\/alimenta\u00e7\u00e3o\/cesta. A corre\u00e7\u00e3o se daria de forma escalonada, conforme abaixo:<br><br>\u2022        4,925% (50% dos 9,85%) a partir de 1\u00ba de agosto de 2021, sobre os valores base de 31 de julho de 2021;<br><br>\u2022        2,4625% (25% dos 9,85%) a partir de 1\u00ba de outubro de 2021, sobre os valores base de 31 de julho de 2021;<br><br>\u2022        2,4625% (25% dos 9,85%) a partir de 1\u00ba de dezembro de 2021, sobre os valores base de 31 de julho de 2021.<br><br>A oferta da empresa visava ao acolhimento do m\u00e1ximo de itens propostos pelo ministro do Tribunal Superior do Trabalho (TST), Alexandre de Souza Agra Belmonte, acatando aqueles de cunho econ\u00f4mico, dentro das diretrizes da SEST.<br><br>Al\u00e9m da manuten\u00e7\u00e3o das 29 cl\u00e1usulas constantes do ac\u00f3rd\u00e3o anterior (das quais 20 s\u00e3o de cunho social), a proposta da empresa garantiria a recomposi\u00e7\u00e3o do poder de compra de seus mais de 90 mil empregados e concederia um in\u00e9dito incremento nos valores das fun\u00e7\u00f5es de confian\u00e7a e de atividade especial. Essa medida abrangeria mais de 43 mil empregados, sendo 37 mil da \u00e1rea operacional.<br><br>Em que pese o esfor\u00e7o dos Correios para apresentar uma proposta condizente com sua situa\u00e7\u00e3o financeira, n\u00e3o houve acordo com as entidades representativas dos empregados.<br><br>Desta forma, o Diss\u00eddio Coletivo de Greve dever\u00e1 ser julgado no dia 20 de setembro de 2021, \u00e0s 13h30, com transmiss\u00e3o pelos canais oficiais do TST.<\/p>\n","protected":false},"excerpt":{"rendered":"<p>Na audi\u00eancia de concilia\u00e7\u00e3o desta segunda-feira, dia 13, os Correios apresentaram uma proposta de reajuste de 100% do INPC, o que equivale a 9,85% sobre os sal\u00e1rios, as fun\u00e7\u00f5es gratificadas e os valores faciais dos vales refei\u00e7\u00e3o\/alimenta\u00e7\u00e3o\/cesta. A corre\u00e7\u00e3o se &hellip; <a href=\"https:\/\/blog.correios.com.br\/acordocoletivo\/?p=5083\">Continue lendo <span class=\"meta-nav\">&rarr;<\/span><\/a><\/p>\n","protected":false},"author":44,"featured_media":0,"comment_status":"closed","ping_status":"open","sticky":false,"template":"","format":"standard","meta":{"footnotes":""},"categories":[1],"tags":[],"class_list":["post-5083","post","type-post","status-publish","format-standard","hentry","category-sem-categoria"],"_links":{"self":[{"href":"https:\/\/blog.correios.com.br\/acordocoletivo\/index.php?rest_route=\/wp\/v2\/posts\/5083","targetHints":{"allow":["GET"]}}],"collection":[{"href":"https:\/\/blog.correios.com.br\/acordocoletivo\/index.php?rest_route=\/wp\/v2\/posts"}],"about":[{"href":"https:\/\/blog.correios.com.br\/acordocoletivo\/index.php?rest_route=\/wp\/v2\/types\/post"}],"author":[{"embeddable":true,"href":"https:\/\/blog.correios.com.br\/acordocoletivo\/index.php?rest_route=\/wp\/v2\/users\/44"}],"replies":[{"embeddable":true,"href":"https:\/\/blog.correios.com.br\/acordocoletivo\/index.php?rest_route=%2Fwp%2Fv2%2Fcomments&post=5083"}],"version-history":[{"count":2,"href":"https:\/\/blog.correios.com.br\/acordocoletivo\/index.php?rest_route=\/wp\/v2\/posts\/5083\/revisions"}],"predecessor-version":[{"id":5086,"href":"https:\/\/blog.correios.com.br\/acordocoletivo\/index.php?rest_route=\/wp\/v2\/posts\/5083\/revisions\/5086"}],"wp:attachment":[{"href":"https:\/\/blog.correios.com.br\/acordocoletivo\/index.php?rest_route=%2Fwp%2Fv2%2Fmedia&parent=5083"}],"wp:term":[{"taxonomy":"category","embeddable":true,"href":"https:\/\/blog.correios.com.br\/acordocoletivo\/index.php?rest_route=%2Fwp%2Fv2%2Fcategories&post=5083"},{"taxonomy":"post_tag","embeddable":true,"href":"https:\/\/blog.correios.com.br\/acordocoletivo\/index.php?rest_route=%2Fwp%2Fv2%2Ftags&post=5083"}],"curies":[{"name":"wp","href":"https:\/\/api.w.org\/{rel}","templated":true}]}}