{"id":5091,"date":"2021-09-22T19:30:10","date_gmt":"2021-09-22T22:30:10","guid":{"rendered":"http:\/\/blog.correios.com.br\/acordocoletivo\/?p=5091"},"modified":"2021-09-24T13:21:56","modified_gmt":"2021-09-24T16:21:56","slug":"nova-audiencia-de-conciliacao-e-marcada-pelo-tst","status":"publish","type":"post","link":"https:\/\/blog.correios.com.br\/acordocoletivo\/?p=5091","title":{"rendered":"Nova audi\u00eancia de concilia\u00e7\u00e3o \u00e9 marcada pelo TST"},"content":{"rendered":"\n<p>O Tribunal Superior do Trabalho (TST) adiou o julgamento do Diss\u00eddio Coletivo de Greve, que estava previsto para o \u00faltimo dia 20. O tribunal agendou para amanh\u00e3, dia 23, \u00e0s 14h, uma nova reuni\u00e3o de concilia\u00e7\u00e3o entre os Correios e as representa\u00e7\u00f5es sindicais &#8211; a ser mediada pelo Ministro Alexandre de Souza Agra Belmonte, relator do processo n\u00ba TST-DCG-1001174-70.2021.5.00.0000.<\/p>\n\n\n\n<p>Sobre o tema, \u00e9 importante esclarecer:<\/p>\n\n\n\n<p>&#8211; Demonstrando sua disposi\u00e7\u00e3o para fechar o ACT 2021\/2022, os Correios remeteram ao TST proposta, no dia 15, que previa a concess\u00e3o de 100% do INPC acumulado at\u00e9 julho de 2021 (9,85%), a partir de agosto de 2021, com reajuste n\u00e3o apenas sobre os sal\u00e1rios, mas tamb\u00e9m sobre as fun\u00e7\u00f5es gratificadas. A empresa ofereceu a manuten\u00e7\u00e3o das 20 cl\u00e1usulas sociais do ac\u00f3rd\u00e3o anterior e a inclus\u00e3o de cl\u00e1usula referente \u00e0 cria\u00e7\u00e3o do banco de horas.<\/p>\n\n\n\n<p>&#8211; O reajuste de 9,85% seria concedido integralmente a todos os empregados, a partir de agosto de 2021, sem escalonamento, e abrangeria o sal\u00e1rio, os vales refei\u00e7\u00e3o, alimenta\u00e7\u00e3o, cesta e todas as fun\u00e7\u00f5es gratificadas, como, por exemplo, as de atividade especial (carteiro motorizado, operador de empilhadeira, supervisor operacional), e, ainda, valores como o de quebra de caixa.<\/p>\n\n\n\n<p>&#8211; At\u00e9 o fechamento desta nota, os Correios n\u00e3o foram notificados sobre os resultados das assembleias em rela\u00e7\u00e3o \u00e0 proposta apresentada, cujo prazo findou-se \u00e0s 12h do dia 17 de setembro de 2021. No contexto de crise financeira pela qual as empresas passam no Pa\u00eds, este seria um Acordo Coletivo de Trabalho diferenciado entre as categorias profissionais que atuam no Brasil.<\/p>\n\n\n\n<p>Diante de todo o exposto, a empresa reafirma que mobilizou todos os esfor\u00e7os para oferecer o poss\u00edvel, privilegiando a isonomia e respeitando a import\u00e2ncia de cada empregado na miss\u00e3o de fortalecimento progressivo dos Correios.<\/p>\n","protected":false},"excerpt":{"rendered":"<p>O Tribunal Superior do Trabalho (TST) adiou o julgamento do Diss\u00eddio Coletivo de Greve, que estava previsto para o \u00faltimo dia 20. O tribunal agendou para amanh\u00e3, dia 23, \u00e0s 14h, uma nova reuni\u00e3o de concilia\u00e7\u00e3o entre os Correios e &hellip; <a href=\"https:\/\/blog.correios.com.br\/acordocoletivo\/?p=5091\">Continue lendo <span class=\"meta-nav\">&rarr;<\/span><\/a><\/p>\n","protected":false},"author":44,"featured_media":0,"comment_status":"closed","ping_status":"open","sticky":false,"template":"","format":"standard","meta":{"footnotes":""},"categories":[1],"tags":[],"class_list":["post-5091","post","type-post","status-publish","format-standard","hentry","category-sem-categoria"],"_links":{"self":[{"href":"https:\/\/blog.correios.com.br\/acordocoletivo\/index.php?rest_route=\/wp\/v2\/posts\/5091","targetHints":{"allow":["GET"]}}],"collection":[{"href":"https:\/\/blog.correios.com.br\/acordocoletivo\/index.php?rest_route=\/wp\/v2\/posts"}],"about":[{"href":"https:\/\/blog.correios.com.br\/acordocoletivo\/index.php?rest_route=\/wp\/v2\/types\/post"}],"author":[{"embeddable":true,"href":"https:\/\/blog.correios.com.br\/acordocoletivo\/index.php?rest_route=\/wp\/v2\/users\/44"}],"replies":[{"embeddable":true,"href":"https:\/\/blog.correios.com.br\/acordocoletivo\/index.php?rest_route=%2Fwp%2Fv2%2Fcomments&post=5091"}],"version-history":[{"count":1,"href":"https:\/\/blog.correios.com.br\/acordocoletivo\/index.php?rest_route=\/wp\/v2\/posts\/5091\/revisions"}],"predecessor-version":[{"id":5092,"href":"https:\/\/blog.correios.com.br\/acordocoletivo\/index.php?rest_route=\/wp\/v2\/posts\/5091\/revisions\/5092"}],"wp:attachment":[{"href":"https:\/\/blog.correios.com.br\/acordocoletivo\/index.php?rest_route=%2Fwp%2Fv2%2Fmedia&parent=5091"}],"wp:term":[{"taxonomy":"category","embeddable":true,"href":"https:\/\/blog.correios.com.br\/acordocoletivo\/index.php?rest_route=%2Fwp%2Fv2%2Fcategories&post=5091"},{"taxonomy":"post_tag","embeddable":true,"href":"https:\/\/blog.correios.com.br\/acordocoletivo\/index.php?rest_route=%2Fwp%2Fv2%2Ftags&post=5091"}],"curies":[{"name":"wp","href":"https:\/\/api.w.org\/{rel}","templated":true}]}}