{"id":5095,"date":"2021-09-24T13:26:41","date_gmt":"2021-09-24T16:26:41","guid":{"rendered":"http:\/\/blog.correios.com.br\/acordocoletivo\/?p=5095"},"modified":"2021-09-24T13:26:41","modified_gmt":"2021-09-24T16:26:41","slug":"correios-reapresenta-proposta-de-act-em-audiencia-de-conciliacao","status":"publish","type":"post","link":"https:\/\/blog.correios.com.br\/acordocoletivo\/?p=5095","title":{"rendered":"Correios reapresenta proposta de ACT em audi\u00eancia de concilia\u00e7\u00e3o"},"content":{"rendered":"\n<p>Ontem, dia 23, foi realizada nova audi\u00eancia de concilia\u00e7\u00e3o entre os Correios e as entidades representativas dos empregados, mediada pelo Ministro do Tribunal Superior do Trabalho, Alexandre de Souza Agra Belmonte, relator do Diss\u00eddio no TST. O objetivo foi tentar, mais uma vez, chegar ao Acordo Coletivo de Trabalho 2021\/2022, ap\u00f3s todas as tentativas da empresa para esse fim.<\/p>\n\n\n\n<p>Durante a reuni\u00e3o, o Ministro relembrou que os Correios j\u00e1 tinham feito proposta de acordo, que foi inclusive encaminhada para avalia\u00e7\u00e3o das entidades sindicais. Assim, a empresa, demonstrando mais uma vez seu empenho no processo negocial, reapresentou a proposta de concess\u00e3o de 100% do INPC acumulado at\u00e9 julho de 2021 (9,85%), com reajuste sobre os sal\u00e1rios, todas as fun\u00e7\u00f5es gratificadas e sobre os valores faciais dos vales refei\u00e7\u00e3o\/alimenta\u00e7\u00e3o e cesta, sem escalonamento, com implementa\u00e7\u00e3o a partir de agosto de 2021.<\/p>\n\n\n\n<p>Desta forma, sinalizando novamente sua disposi\u00e7\u00e3o para assinar o ACT, a empresa concordou em analisar, em conjunto com a SEST\/Minist\u00e9rio da Economia, a possibilidade de emitir uma nova proposta, a ser encaminhada ao Ministro Relator.<\/p>\n\n\n\n<p>O Ministro Alexandre de Souza Agra informou que conduzir\u00e1 reuni\u00f5es individuais com as partes, buscando o encaminhamento do processo.<\/p>\n\n\n\n<p>Diante do contexto econ\u00f4mico do Pa\u00eds e da sua situa\u00e7\u00e3o financeira, a empresa reafirma que tem mobilizado todos os esfor\u00e7os para oferecer o melhor ACT poss\u00edvel, privilegiando a isonomia e respeitando a import\u00e2ncia de cada empregado na miss\u00e3o de fortalecimento progressivo dos Correios.<\/p>\n","protected":false},"excerpt":{"rendered":"<p>Ontem, dia 23, foi realizada nova audi\u00eancia de concilia\u00e7\u00e3o entre os Correios e as entidades representativas dos empregados, mediada pelo Ministro do Tribunal Superior do Trabalho, Alexandre de Souza Agra Belmonte, relator do Diss\u00eddio no TST. O objetivo foi tentar, &hellip; <a href=\"https:\/\/blog.correios.com.br\/acordocoletivo\/?p=5095\">Continue lendo <span class=\"meta-nav\">&rarr;<\/span><\/a><\/p>\n","protected":false},"author":44,"featured_media":0,"comment_status":"closed","ping_status":"open","sticky":false,"template":"","format":"standard","meta":{"footnotes":""},"categories":[1],"tags":[],"class_list":["post-5095","post","type-post","status-publish","format-standard","hentry","category-sem-categoria"],"_links":{"self":[{"href":"https:\/\/blog.correios.com.br\/acordocoletivo\/index.php?rest_route=\/wp\/v2\/posts\/5095","targetHints":{"allow":["GET"]}}],"collection":[{"href":"https:\/\/blog.correios.com.br\/acordocoletivo\/index.php?rest_route=\/wp\/v2\/posts"}],"about":[{"href":"https:\/\/blog.correios.com.br\/acordocoletivo\/index.php?rest_route=\/wp\/v2\/types\/post"}],"author":[{"embeddable":true,"href":"https:\/\/blog.correios.com.br\/acordocoletivo\/index.php?rest_route=\/wp\/v2\/users\/44"}],"replies":[{"embeddable":true,"href":"https:\/\/blog.correios.com.br\/acordocoletivo\/index.php?rest_route=%2Fwp%2Fv2%2Fcomments&post=5095"}],"version-history":[{"count":1,"href":"https:\/\/blog.correios.com.br\/acordocoletivo\/index.php?rest_route=\/wp\/v2\/posts\/5095\/revisions"}],"predecessor-version":[{"id":5096,"href":"https:\/\/blog.correios.com.br\/acordocoletivo\/index.php?rest_route=\/wp\/v2\/posts\/5095\/revisions\/5096"}],"wp:attachment":[{"href":"https:\/\/blog.correios.com.br\/acordocoletivo\/index.php?rest_route=%2Fwp%2Fv2%2Fmedia&parent=5095"}],"wp:term":[{"taxonomy":"category","embeddable":true,"href":"https:\/\/blog.correios.com.br\/acordocoletivo\/index.php?rest_route=%2Fwp%2Fv2%2Fcategories&post=5095"},{"taxonomy":"post_tag","embeddable":true,"href":"https:\/\/blog.correios.com.br\/acordocoletivo\/index.php?rest_route=%2Fwp%2Fv2%2Ftags&post=5095"}],"curies":[{"name":"wp","href":"https:\/\/api.w.org\/{rel}","templated":true}]}}