{"id":5097,"date":"2021-09-28T14:04:04","date_gmt":"2021-09-28T17:04:04","guid":{"rendered":"http:\/\/blog.correios.com.br\/acordocoletivo\/?p=5097"},"modified":"2021-09-28T14:04:04","modified_gmt":"2021-09-28T17:04:04","slug":"acordo-coletivo-de-trabalho-2021-2022-2","status":"publish","type":"post","link":"https:\/\/blog.correios.com.br\/acordocoletivo\/?p=5097","title":{"rendered":"Acordo Coletivo de Trabalho 2021\/2022"},"content":{"rendered":"\n<p>Os Correios enviaram,\u00a0<strong>nesta ter\u00e7a-feira, dia 28,<\/strong>\u00a0nova proposta de Acordo Coletivo de Trabalho 2021\/2022 ao\u00a0Relator do diss\u00eddio no Tribunal Superior do Trabalho, Ministro Alexandre de Souza Agra Belmonte, demonstrando, mais uma vez, o seu empenho para fechar o Acordo Coletivo de Trabalho, ACT.\u00a0<\/p>\n\n\n\n<p>A nova proposta dos Correios contempla os seguintes pontos:<\/p>\n\n\n\n<p>1)&nbsp;&nbsp;&nbsp;&nbsp;Reajuste de 100% do INPC (9,85%) sobre o&nbsp;<strong>sal\u00e1rio, sobre as fun\u00e7\u00f5es gratificadas e sobre os vales (alimenta\u00e7\u00e3o\/refei\u00e7\u00e3o\/cesta)<\/strong>, retroativos a agosto de 2021 at\u00e9 julho de 2022 (data base);<\/p>\n\n\n\n<p>2)&nbsp;&nbsp;&nbsp;&nbsp;Reajuste complementar e tempor\u00e1rio de mais 10% do INPC (0,985%) sobre os&nbsp;<strong>vales (alimenta\u00e7\u00e3o\/refei\u00e7\u00e3o\/cesta),<\/strong>&nbsp;limitado ao per\u00edodo de janeiro de 2022 at\u00e9 julho de 2022, em conformidade com as diretrizes estabelecidas pela Secretaria de Coordena\u00e7\u00e3o e Governan\u00e7a das Empresas Estatais &#8211; SEST\/ME;<\/p>\n\n\n\n<p>3)&nbsp;&nbsp;&nbsp;&nbsp;Inclus\u00e3o de mais tr\u00eas cl\u00e1usulas sociais, referentes \u00e0: Promo\u00e7\u00e3o da Equidade de G\u00eanero, Enfrentamento \u00e0 Viol\u00eancia contra a Mulher e Processamento de Consigna\u00e7\u00f5es em Folha de Pagamento;<\/p>\n\n\n\n<p>4)&nbsp;&nbsp;&nbsp;&nbsp;Possibilidade de banco de horas anual;<\/p>\n\n\n\n<p>5)&nbsp;&nbsp;&nbsp;&nbsp;Manuten\u00e7\u00e3o das demais cl\u00e1usulas da senten\u00e7a normativa anterior (2020\/2021), que contempla outras 20 cl\u00e1usulas sociais.<\/p>\n\n\n\n<p>Agora, o&nbsp;Ministro apresentar\u00e1 a proposta \u00e0s entidades representativas dos empregados. Os Correios esperam que a proposta seja levada para delibera\u00e7\u00e3o nas assembleias, de forma a garantir a participa\u00e7\u00e3o de todos.<\/p>\n\n\n\n<p>Diante do contexto econ\u00f4mico do Pa\u00eds e da sua situa\u00e7\u00e3o financeira, a empresa reafirma que tem mobilizado todos os esfor\u00e7os para oferecer o melhor ACT poss\u00edvel, privilegiando a isonomia e respeitando a import\u00e2ncia de cada empregado na miss\u00e3o de fortalecimento progressivo dos Correios.<\/p>\n","protected":false},"excerpt":{"rendered":"<p>Os Correios enviaram,\u00a0nesta ter\u00e7a-feira, dia 28,\u00a0nova proposta de Acordo Coletivo de Trabalho 2021\/2022 ao\u00a0Relator do diss\u00eddio no Tribunal Superior do Trabalho, Ministro Alexandre de Souza Agra Belmonte, demonstrando, mais uma vez, o seu empenho para fechar o Acordo Coletivo de &hellip; <a href=\"https:\/\/blog.correios.com.br\/acordocoletivo\/?p=5097\">Continue lendo <span class=\"meta-nav\">&rarr;<\/span><\/a><\/p>\n","protected":false},"author":44,"featured_media":0,"comment_status":"closed","ping_status":"open","sticky":false,"template":"","format":"standard","meta":{"footnotes":""},"categories":[1],"tags":[],"class_list":["post-5097","post","type-post","status-publish","format-standard","hentry","category-sem-categoria"],"_links":{"self":[{"href":"https:\/\/blog.correios.com.br\/acordocoletivo\/index.php?rest_route=\/wp\/v2\/posts\/5097","targetHints":{"allow":["GET"]}}],"collection":[{"href":"https:\/\/blog.correios.com.br\/acordocoletivo\/index.php?rest_route=\/wp\/v2\/posts"}],"about":[{"href":"https:\/\/blog.correios.com.br\/acordocoletivo\/index.php?rest_route=\/wp\/v2\/types\/post"}],"author":[{"embeddable":true,"href":"https:\/\/blog.correios.com.br\/acordocoletivo\/index.php?rest_route=\/wp\/v2\/users\/44"}],"replies":[{"embeddable":true,"href":"https:\/\/blog.correios.com.br\/acordocoletivo\/index.php?rest_route=%2Fwp%2Fv2%2Fcomments&post=5097"}],"version-history":[{"count":1,"href":"https:\/\/blog.correios.com.br\/acordocoletivo\/index.php?rest_route=\/wp\/v2\/posts\/5097\/revisions"}],"predecessor-version":[{"id":5098,"href":"https:\/\/blog.correios.com.br\/acordocoletivo\/index.php?rest_route=\/wp\/v2\/posts\/5097\/revisions\/5098"}],"wp:attachment":[{"href":"https:\/\/blog.correios.com.br\/acordocoletivo\/index.php?rest_route=%2Fwp%2Fv2%2Fmedia&parent=5097"}],"wp:term":[{"taxonomy":"category","embeddable":true,"href":"https:\/\/blog.correios.com.br\/acordocoletivo\/index.php?rest_route=%2Fwp%2Fv2%2Fcategories&post=5097"},{"taxonomy":"post_tag","embeddable":true,"href":"https:\/\/blog.correios.com.br\/acordocoletivo\/index.php?rest_route=%2Fwp%2Fv2%2Ftags&post=5097"}],"curies":[{"name":"wp","href":"https:\/\/api.w.org\/{rel}","templated":true}]}}