{"id":5111,"date":"2022-07-19T18:00:46","date_gmt":"2022-07-19T21:00:46","guid":{"rendered":"http:\/\/blog.correios.com.br\/acordocoletivo\/?p=5111"},"modified":"2024-08-07T18:21:25","modified_gmt":"2024-08-07T21:21:25","slug":"5a-reuniao-do-acordo-coletivo-de-trabalho-2022-2023","status":"publish","type":"post","link":"https:\/\/blog.correios.com.br\/acordocoletivo\/?p=5111","title":{"rendered":"5\u00aa Reuni\u00e3o do Acordo Coletivo de Trabalho 2022\/2023"},"content":{"rendered":"\n<p>Prezados ecetistas,<\/p>\n\n\n\n<p>Com o in\u00edcio das negocia\u00e7\u00f5es visando ao Acordo Coletivo de Trabalho 2022\/2023, cabe reafirmar o compromisso da Diretoria Executiva com a transpar\u00eancia: desde que assumimos a gest\u00e3o da empresa, todas as nossas a a\u00e7\u00f5es e rela\u00e7\u00f5es t\u00eam se pautado pela \u00e9tica e integridade, sendo o nosso maior objetivo o fortalecimento dos Correios.<\/p>\n\n\n\n<p>Nossos esfor\u00e7os enquanto gestores, somados aos de todos os empregados, t\u00eam levado a empresa a atingir bons resultados, especialmente no ano passado, quando auferimos o maior lucro dos \u00faltimos 22 anos. Com o feito alcan\u00e7ado, foi poss\u00edvel recompor n\u00e3o apenas os sal\u00e1rios de todos os trabalhadores, mas tamb\u00e9m as fun\u00e7\u00f5es, que seguiam inalteradas desde 2015.Em 2022, no entanto, o cen\u00e1rio financeiro dos Correios difere (e muito) do que vivemos em 2021. Conforme apresentado aos representantes dos empregados na \u00faltima reuni\u00e3o, o faturamento da empresa est\u00e1 aqu\u00e9m do planejado, o que torna necess\u00e1ria a cautela ao discutirmos ao aumento das despesas.<\/p>\n\n\n\n<p>\u00c9 imprescind\u00edvel, portanto, que todos compreendam as condi\u00e7\u00f5es em que as negocia\u00e7\u00f5es deste ano ocorrem.&nbsp;<strong>\u00c9 preciso lembrar que, em 2022, h\u00e1 tamb\u00e9m as restri\u00e7\u00f5es impostas pela legisla\u00e7\u00e3o eleitoral, que impede a readequa\u00e7\u00e3o de vantagens para agentes p\u00fablicos e limita o reajuste salarial ao \u00edndice inflacion\u00e1rio oficial.&nbsp;<\/strong>Por essa raz\u00e3o \u2013 e visando \u00e0 r\u00e1pida conclus\u00e3o das negocia\u00e7\u00f5es \u2013, a empresa revisou sua oferta inicial e, agora, prop\u00f5e um reajuste de 90% da infla\u00e7\u00e3o, a t\u00edtulo de recomposi\u00e7\u00e3o, sobre os sal\u00e1rios, fun\u00e7\u00f5es e vales alimenta\u00e7\u00e3o e refei\u00e7\u00e3o. Trata-se de uma oferta respons\u00e1vel, que atende aos anseios dos empregados sem, no entanto, comprometer a sa\u00fade financeira dos Correios.<\/p>\n\n\n\n<p>Considerando todos os fatores que influir\u00e3o nas negocia\u00e7\u00f5es do ACT 2022\/2023, lembramos aos empregados que o processo de manter os Correios financeiramente sustent\u00e1veis \u00e9 cont\u00ednuo e requer de todos, al\u00e9m de compromisso, discernimento para que o trabalho que conjuntamente desempenhamos n\u00e3o seja em v\u00e3o.<\/p>\n\n\n\n<p>Diretoria Executiva dos Correios<\/p>\n","protected":false},"excerpt":{"rendered":"<p>Prezados ecetistas, Com o in\u00edcio das negocia\u00e7\u00f5es visando ao Acordo Coletivo de Trabalho 2022\/2023, cabe reafirmar o compromisso da Diretoria Executiva com a transpar\u00eancia: desde que assumimos a gest\u00e3o da empresa, todas as nossas a a\u00e7\u00f5es e rela\u00e7\u00f5es t\u00eam se &hellip; <a href=\"https:\/\/blog.correios.com.br\/acordocoletivo\/?p=5111\">Continue lendo <span class=\"meta-nav\">&rarr;<\/span><\/a><\/p>\n","protected":false},"author":44,"featured_media":0,"comment_status":"closed","ping_status":"open","sticky":false,"template":"","format":"standard","meta":{"footnotes":""},"categories":[14],"tags":[6],"class_list":["post-5111","post","type-post","status-publish","format-standard","hentry","category-acordo-coletivo","tag-acordo-coletivo"],"_links":{"self":[{"href":"https:\/\/blog.correios.com.br\/acordocoletivo\/index.php?rest_route=\/wp\/v2\/posts\/5111","targetHints":{"allow":["GET"]}}],"collection":[{"href":"https:\/\/blog.correios.com.br\/acordocoletivo\/index.php?rest_route=\/wp\/v2\/posts"}],"about":[{"href":"https:\/\/blog.correios.com.br\/acordocoletivo\/index.php?rest_route=\/wp\/v2\/types\/post"}],"author":[{"embeddable":true,"href":"https:\/\/blog.correios.com.br\/acordocoletivo\/index.php?rest_route=\/wp\/v2\/users\/44"}],"replies":[{"embeddable":true,"href":"https:\/\/blog.correios.com.br\/acordocoletivo\/index.php?rest_route=%2Fwp%2Fv2%2Fcomments&post=5111"}],"version-history":[{"count":1,"href":"https:\/\/blog.correios.com.br\/acordocoletivo\/index.php?rest_route=\/wp\/v2\/posts\/5111\/revisions"}],"predecessor-version":[{"id":5112,"href":"https:\/\/blog.correios.com.br\/acordocoletivo\/index.php?rest_route=\/wp\/v2\/posts\/5111\/revisions\/5112"}],"wp:attachment":[{"href":"https:\/\/blog.correios.com.br\/acordocoletivo\/index.php?rest_route=%2Fwp%2Fv2%2Fmedia&parent=5111"}],"wp:term":[{"taxonomy":"category","embeddable":true,"href":"https:\/\/blog.correios.com.br\/acordocoletivo\/index.php?rest_route=%2Fwp%2Fv2%2Fcategories&post=5111"},{"taxonomy":"post_tag","embeddable":true,"href":"https:\/\/blog.correios.com.br\/acordocoletivo\/index.php?rest_route=%2Fwp%2Fv2%2Ftags&post=5111"}],"curies":[{"name":"wp","href":"https:\/\/api.w.org\/{rel}","templated":true}]}}