{"id":5122,"date":"2022-09-05T10:42:10","date_gmt":"2022-09-05T13:42:10","guid":{"rendered":"http:\/\/blog.correios.com.br\/acordocoletivo\/?p=5122"},"modified":"2022-09-05T10:50:29","modified_gmt":"2022-09-05T13:50:29","slug":"correios-assina-acordo-coletivo-de-trabalho-2022-2023","status":"publish","type":"post","link":"https:\/\/blog.correios.com.br\/acordocoletivo\/?p=5122","title":{"rendered":"Correios assina Acordo Coletivo de Trabalho 2022\/2023"},"content":{"rendered":"\n<p>No \u00faltimo dia 1\u00b0, foi homologado pelo Tribunal Superior do Trabalho o novo Acordo Coletivo de Trabalho dos Correios. Fruto de uma s\u00e9rie de negocia\u00e7\u00f5es mediadas pelo TST, o documento foi constru\u00eddo tendo em vista atender aos principais pleitos dos empregados sem, no entanto, comprometer as finan\u00e7as da empresa.<\/p>\n\n\n\n<p><br>Nos termos ratificados pelo tribunal, os Correios conceder\u00e3o, entre outros benef\u00edcios, a reposi\u00e7\u00e3o integral da infla\u00e7\u00e3o (10,12%), al\u00e9m de manterem todas as cl\u00e1usulas da senten\u00e7a normativa que, no per\u00edodo anterior, serviu para regular as rela\u00e7\u00f5es entre a empresa e seus empregados.<\/p>\n\n\n\n<p><br>Um fato se destaca nas negocia\u00e7\u00f5es de 2022: ap\u00f3s 10 anos, os Correios voltar\u00e3o a pagar a Participa\u00e7\u00e3o no Lucros e Resultados (PLR) a seus empregados. Com os expressivos resultados dos \u00faltimos anos, a empresa conseguiu saldar seu outrora bilion\u00e1rio passivo e, agora, ao registrar seu maior lucro nos \u00faltimos 20 anos, vai remunerar seus funcion\u00e1rios de acordo com seu recente desempenho financeiro.<\/p>\n\n\n\n<p><br>A inclus\u00e3o da PLR no ACT, uma iniciativa da diretoria dos Correios, contou com o envolvimento pessoal do presidente, Floriano Peixoto. O mandat\u00e1rio concluiu que, ao garantir o pagamento dos valores aos empregados, deixou clara a inten\u00e7\u00e3o da empresa de reconhecer a import\u00e2ncia deles no atual contexto da estatal, que \u00e9 incontestavelmente positivo.<\/p>\n\n\n\n<p><br>Ao mesmo tempo, evitou-se uma nova paralisa\u00e7\u00e3o, acontecimento que historicamente tem prejudicado a empresa e, principalmente seus clientes. Com a n\u00e3o deflagra\u00e7\u00e3o da greve, os Correios seguem operando regularmente, e se preparam para atender com excel\u00eancia \u00e0 popula\u00e7\u00e3o naquele que \u00e9 o per\u00edodo de maior demanda para o setor log\u00edstico: o \u00faltimo trimestre do ano.<\/p>\n\n\n\n<p><\/p>\n","protected":false},"excerpt":{"rendered":"<p>No \u00faltimo dia 1\u00b0, foi homologado pelo Tribunal Superior do Trabalho o novo Acordo Coletivo de Trabalho dos Correios. Fruto de uma s\u00e9rie de negocia\u00e7\u00f5es mediadas pelo TST, o documento foi constru\u00eddo tendo em vista atender aos principais pleitos dos &hellip; <a href=\"https:\/\/blog.correios.com.br\/acordocoletivo\/?p=5122\">Continue lendo <span class=\"meta-nav\">&rarr;<\/span><\/a><\/p>\n","protected":false},"author":44,"featured_media":0,"comment_status":"closed","ping_status":"open","sticky":false,"template":"","format":"standard","meta":{"footnotes":""},"categories":[1],"tags":[],"class_list":["post-5122","post","type-post","status-publish","format-standard","hentry","category-sem-categoria"],"_links":{"self":[{"href":"https:\/\/blog.correios.com.br\/acordocoletivo\/index.php?rest_route=\/wp\/v2\/posts\/5122","targetHints":{"allow":["GET"]}}],"collection":[{"href":"https:\/\/blog.correios.com.br\/acordocoletivo\/index.php?rest_route=\/wp\/v2\/posts"}],"about":[{"href":"https:\/\/blog.correios.com.br\/acordocoletivo\/index.php?rest_route=\/wp\/v2\/types\/post"}],"author":[{"embeddable":true,"href":"https:\/\/blog.correios.com.br\/acordocoletivo\/index.php?rest_route=\/wp\/v2\/users\/44"}],"replies":[{"embeddable":true,"href":"https:\/\/blog.correios.com.br\/acordocoletivo\/index.php?rest_route=%2Fwp%2Fv2%2Fcomments&post=5122"}],"version-history":[{"count":2,"href":"https:\/\/blog.correios.com.br\/acordocoletivo\/index.php?rest_route=\/wp\/v2\/posts\/5122\/revisions"}],"predecessor-version":[{"id":5124,"href":"https:\/\/blog.correios.com.br\/acordocoletivo\/index.php?rest_route=\/wp\/v2\/posts\/5122\/revisions\/5124"}],"wp:attachment":[{"href":"https:\/\/blog.correios.com.br\/acordocoletivo\/index.php?rest_route=%2Fwp%2Fv2%2Fmedia&parent=5122"}],"wp:term":[{"taxonomy":"category","embeddable":true,"href":"https:\/\/blog.correios.com.br\/acordocoletivo\/index.php?rest_route=%2Fwp%2Fv2%2Fcategories&post=5122"},{"taxonomy":"post_tag","embeddable":true,"href":"https:\/\/blog.correios.com.br\/acordocoletivo\/index.php?rest_route=%2Fwp%2Fv2%2Ftags&post=5122"}],"curies":[{"name":"wp","href":"https:\/\/api.w.org\/{rel}","templated":true}]}}