{"id":5130,"date":"2023-07-14T11:54:22","date_gmt":"2023-07-14T14:54:22","guid":{"rendered":"https:\/\/blog.correios.com.br\/acordocoletivo\/?p=5130"},"modified":"2023-07-14T12:10:42","modified_gmt":"2023-07-14T15:10:42","slug":"correios-convida-federacoes-para-definir-calendario-de-negociacao","status":"publish","type":"post","link":"https:\/\/blog.correios.com.br\/acordocoletivo\/?p=5130","title":{"rendered":"Correios convida federa\u00e7\u00f5es para definir calend\u00e1rio de negocia\u00e7\u00e3o"},"content":{"rendered":"\n<p>Os Correios formalizaram \u00e0s federa\u00e7\u00f5es de representa\u00e7\u00e3o das empregadas e dos empregados o convite para uma reuni\u00e3o no dia 24 de julho com o objetivo de definir o calend\u00e1rio de negocia\u00e7\u00e3o do Acordo Coletivo de Trabalho 2023. Vale ressaltar que as pr\u00f3ximas etapas da negocia\u00e7\u00e3o ser\u00e3o acordadas previamente entre a empresa e as duas federa\u00e7\u00f5es.<\/p>\n\n\n\n<p>A nova diretoria dos Correios, em uma demonstra\u00e7\u00e3o de respeito \u00e0s entidades sindicais, retomou o relacionamento que havia sido interrompido pela gest\u00e3o anterior. Entre as primeiras medidas adotadas pela atual dire\u00e7\u00e3o est\u00e3o a realiza\u00e7\u00e3o de reuni\u00f5es com as federa\u00e7\u00f5es e os sindicatos, a retomada de benef\u00edcios que haviam sido extintos e a cria\u00e7\u00e3o de grupos de trabalho para tratar de temas de interesse dos trabalhadores &#8211; combate ao ass\u00e9dio, promo\u00e7\u00e3o da equidade e realiza\u00e7\u00e3o de transfer\u00eancias.<\/p>\n\n\n\n<p>Os Correios reafirmam a disposi\u00e7\u00e3o para o di\u00e1logo a fim de realizar uma negocia\u00e7\u00e3o coletiva justa para todas as partes envolvidas: empregadas e empregados, empresa e, principalmente, para a sociedade brasileira, que foi beneficiada pela suspens\u00e3o do processo de privatiza\u00e7\u00e3o da estatal e conta com a continuidade da presta\u00e7\u00e3o de servi\u00e7os.<\/p>\n","protected":false},"excerpt":{"rendered":"<p>Os Correios formalizaram \u00e0s federa\u00e7\u00f5es de representa\u00e7\u00e3o das empregadas e dos empregados o convite para uma reuni\u00e3o no dia 24 de julho com o objetivo de definir o calend\u00e1rio de negocia\u00e7\u00e3o do Acordo Coletivo de Trabalho 2023. Vale ressaltar que &hellip; <a href=\"https:\/\/blog.correios.com.br\/acordocoletivo\/?p=5130\">Continue lendo <span class=\"meta-nav\">&rarr;<\/span><\/a><\/p>\n","protected":false},"author":44,"featured_media":0,"comment_status":"closed","ping_status":"open","sticky":false,"template":"","format":"standard","meta":{"footnotes":""},"categories":[14,29],"tags":[],"class_list":["post-5130","post","type-post","status-publish","format-standard","hentry","category-acordo-coletivo","category-negociacao-permanente"],"_links":{"self":[{"href":"https:\/\/blog.correios.com.br\/acordocoletivo\/index.php?rest_route=\/wp\/v2\/posts\/5130","targetHints":{"allow":["GET"]}}],"collection":[{"href":"https:\/\/blog.correios.com.br\/acordocoletivo\/index.php?rest_route=\/wp\/v2\/posts"}],"about":[{"href":"https:\/\/blog.correios.com.br\/acordocoletivo\/index.php?rest_route=\/wp\/v2\/types\/post"}],"author":[{"embeddable":true,"href":"https:\/\/blog.correios.com.br\/acordocoletivo\/index.php?rest_route=\/wp\/v2\/users\/44"}],"replies":[{"embeddable":true,"href":"https:\/\/blog.correios.com.br\/acordocoletivo\/index.php?rest_route=%2Fwp%2Fv2%2Fcomments&post=5130"}],"version-history":[{"count":1,"href":"https:\/\/blog.correios.com.br\/acordocoletivo\/index.php?rest_route=\/wp\/v2\/posts\/5130\/revisions"}],"predecessor-version":[{"id":5131,"href":"https:\/\/blog.correios.com.br\/acordocoletivo\/index.php?rest_route=\/wp\/v2\/posts\/5130\/revisions\/5131"}],"wp:attachment":[{"href":"https:\/\/blog.correios.com.br\/acordocoletivo\/index.php?rest_route=%2Fwp%2Fv2%2Fmedia&parent=5130"}],"wp:term":[{"taxonomy":"category","embeddable":true,"href":"https:\/\/blog.correios.com.br\/acordocoletivo\/index.php?rest_route=%2Fwp%2Fv2%2Fcategories&post=5130"},{"taxonomy":"post_tag","embeddable":true,"href":"https:\/\/blog.correios.com.br\/acordocoletivo\/index.php?rest_route=%2Fwp%2Fv2%2Ftags&post=5130"}],"curies":[{"name":"wp","href":"https:\/\/api.w.org\/{rel}","templated":true}]}}