{"id":5134,"date":"2023-07-27T10:43:32","date_gmt":"2023-07-27T13:43:32","guid":{"rendered":"https:\/\/blog.correios.com.br\/acordocoletivo\/?p=5134"},"modified":"2023-07-27T10:43:32","modified_gmt":"2023-07-27T13:43:32","slug":"beneficios-mantidos-ate-31-de-agosto","status":"publish","type":"post","link":"https:\/\/blog.correios.com.br\/acordocoletivo\/?p=5134","title":{"rendered":"Benef\u00edcios mantidos at\u00e9 31 de agosto"},"content":{"rendered":"\n<p>Pensando no bem-estar das empregadas e dos empregados dos Correios, o presidente dos Correios, Fabiano Silva dos Santos, determinou a extens\u00e3o, at\u00e9 o dia 31 de agosto, de todas as cl\u00e1usulas do Acordo Coletivo de Trabalho vigente. Isso inclui, por exemplo, a continuidade do pagamento do vale-alimenta\u00e7\u00e3o e refei\u00e7\u00e3o, entre outros benef\u00edcios.<br><br>A medida \u00e9 necess\u00e1ria porque o atual Acordo Coletivo de Trabalho tem vig\u00eancia at\u00e9 o dia 31 de julho e as negocia\u00e7\u00f5es do novo ACT ir\u00e3o ultrapassar essa data, devido \u00e0 import\u00e2ncia de amplo di\u00e1logo entre a empresa e as federa\u00e7\u00f5es de representa\u00e7\u00e3o dos trabalhadores e das trabalhadoras, que h\u00e1 anos n\u00e3o eram sequer recebidas na estatal.<br><br>A iniciativa reafirma o comprometimento da nova gest\u00e3o dos Correios pela valoriza\u00e7\u00e3o das empregadas e dos empregados.<\/p>\n","protected":false},"excerpt":{"rendered":"<p>Pensando no bem-estar das empregadas e dos empregados dos Correios, o presidente dos Correios, Fabiano Silva dos Santos, determinou a extens\u00e3o, at\u00e9 o dia 31 de agosto, de todas as cl\u00e1usulas do Acordo Coletivo de Trabalho vigente. Isso inclui, por &hellip; <a href=\"https:\/\/blog.correios.com.br\/acordocoletivo\/?p=5134\">Continue lendo <span class=\"meta-nav\">&rarr;<\/span><\/a><\/p>\n","protected":false},"author":44,"featured_media":0,"comment_status":"closed","ping_status":"open","sticky":false,"template":"","format":"standard","meta":{"footnotes":""},"categories":[14],"tags":[6,129],"class_list":["post-5134","post","type-post","status-publish","format-standard","hentry","category-acordo-coletivo","tag-acordo-coletivo","tag-beneficios"],"_links":{"self":[{"href":"https:\/\/blog.correios.com.br\/acordocoletivo\/index.php?rest_route=\/wp\/v2\/posts\/5134","targetHints":{"allow":["GET"]}}],"collection":[{"href":"https:\/\/blog.correios.com.br\/acordocoletivo\/index.php?rest_route=\/wp\/v2\/posts"}],"about":[{"href":"https:\/\/blog.correios.com.br\/acordocoletivo\/index.php?rest_route=\/wp\/v2\/types\/post"}],"author":[{"embeddable":true,"href":"https:\/\/blog.correios.com.br\/acordocoletivo\/index.php?rest_route=\/wp\/v2\/users\/44"}],"replies":[{"embeddable":true,"href":"https:\/\/blog.correios.com.br\/acordocoletivo\/index.php?rest_route=%2Fwp%2Fv2%2Fcomments&post=5134"}],"version-history":[{"count":2,"href":"https:\/\/blog.correios.com.br\/acordocoletivo\/index.php?rest_route=\/wp\/v2\/posts\/5134\/revisions"}],"predecessor-version":[{"id":5139,"href":"https:\/\/blog.correios.com.br\/acordocoletivo\/index.php?rest_route=\/wp\/v2\/posts\/5134\/revisions\/5139"}],"wp:attachment":[{"href":"https:\/\/blog.correios.com.br\/acordocoletivo\/index.php?rest_route=%2Fwp%2Fv2%2Fmedia&parent=5134"}],"wp:term":[{"taxonomy":"category","embeddable":true,"href":"https:\/\/blog.correios.com.br\/acordocoletivo\/index.php?rest_route=%2Fwp%2Fv2%2Fcategories&post=5134"},{"taxonomy":"post_tag","embeddable":true,"href":"https:\/\/blog.correios.com.br\/acordocoletivo\/index.php?rest_route=%2Fwp%2Fv2%2Ftags&post=5134"}],"curies":[{"name":"wp","href":"https:\/\/api.w.org\/{rel}","templated":true}]}}