{"id":5135,"date":"2023-07-25T10:11:33","date_gmt":"2023-07-25T13:11:33","guid":{"rendered":"https:\/\/blog.correios.com.br\/acordocoletivo\/?p=5135"},"modified":"2023-07-25T10:11:33","modified_gmt":"2023-07-25T13:11:33","slug":"1-reuniao-das-negociacoes-do-act-2023","status":"publish","type":"post","link":"https:\/\/blog.correios.com.br\/acordocoletivo\/?p=5135","title":{"rendered":"1\u00b0 Reuni\u00e3o das Negocia\u00e7\u00f5es do ACT 2023"},"content":{"rendered":"\n<p>Os Correios iniciaram, nesta segunda-feira (24), as negocia\u00e7\u00f5es do Acordo Coletivo de Trabalho \u2013 ACT 2023. Essa primeira reuni\u00e3o, realizada com as federa\u00e7\u00f5es de representa\u00e7\u00e3o das empregadas e dos empregados, teve como objetivo organizar o calend\u00e1rio bem como as diretrizes dos encontros e a composi\u00e7\u00e3o dos participantes da mesa.<\/p>\n\n\n\n<p>As pr\u00f3ximas quatro reuni\u00f5es j\u00e1 foram agendadas: dia 27 de julho, dias 1\u00ba, 2 e 3 de agosto. O restante dos encontros ser\u00e1 marcado nas pr\u00f3ximas semanas.<\/p>\n\n\n\n<p>Os Correios, em uma demonstra\u00e7\u00e3o de respeito \u00e0s empregadas e aos empregados, retomaram o relacionamento com as entidades sindicais, que havia sido interrompido pela gest\u00e3o anterior, al\u00e9m de restabelecer benef\u00edcios que haviam sido extintos. A empresa reafirma a disposi\u00e7\u00e3o para o di\u00e1logo a fim de realizar uma negocia\u00e7\u00e3o coletiva justa para todas as partes envolvidas.<\/p>\n","protected":false},"excerpt":{"rendered":"<p>Os Correios iniciaram, nesta segunda-feira (24), as negocia\u00e7\u00f5es do Acordo Coletivo de Trabalho \u2013 ACT 2023. Essa primeira reuni\u00e3o, realizada com as federa\u00e7\u00f5es de representa\u00e7\u00e3o das empregadas e dos empregados, teve como objetivo organizar o calend\u00e1rio bem como as diretrizes &hellip; <a href=\"https:\/\/blog.correios.com.br\/acordocoletivo\/?p=5135\">Continue lendo <span class=\"meta-nav\">&rarr;<\/span><\/a><\/p>\n","protected":false},"author":44,"featured_media":0,"comment_status":"closed","ping_status":"open","sticky":false,"template":"","format":"standard","meta":{"footnotes":""},"categories":[29],"tags":[],"class_list":["post-5135","post","type-post","status-publish","format-standard","hentry","category-negociacao-permanente"],"_links":{"self":[{"href":"https:\/\/blog.correios.com.br\/acordocoletivo\/index.php?rest_route=\/wp\/v2\/posts\/5135","targetHints":{"allow":["GET"]}}],"collection":[{"href":"https:\/\/blog.correios.com.br\/acordocoletivo\/index.php?rest_route=\/wp\/v2\/posts"}],"about":[{"href":"https:\/\/blog.correios.com.br\/acordocoletivo\/index.php?rest_route=\/wp\/v2\/types\/post"}],"author":[{"embeddable":true,"href":"https:\/\/blog.correios.com.br\/acordocoletivo\/index.php?rest_route=\/wp\/v2\/users\/44"}],"replies":[{"embeddable":true,"href":"https:\/\/blog.correios.com.br\/acordocoletivo\/index.php?rest_route=%2Fwp%2Fv2%2Fcomments&post=5135"}],"version-history":[{"count":1,"href":"https:\/\/blog.correios.com.br\/acordocoletivo\/index.php?rest_route=\/wp\/v2\/posts\/5135\/revisions"}],"predecessor-version":[{"id":5136,"href":"https:\/\/blog.correios.com.br\/acordocoletivo\/index.php?rest_route=\/wp\/v2\/posts\/5135\/revisions\/5136"}],"wp:attachment":[{"href":"https:\/\/blog.correios.com.br\/acordocoletivo\/index.php?rest_route=%2Fwp%2Fv2%2Fmedia&parent=5135"}],"wp:term":[{"taxonomy":"category","embeddable":true,"href":"https:\/\/blog.correios.com.br\/acordocoletivo\/index.php?rest_route=%2Fwp%2Fv2%2Fcategories&post=5135"},{"taxonomy":"post_tag","embeddable":true,"href":"https:\/\/blog.correios.com.br\/acordocoletivo\/index.php?rest_route=%2Fwp%2Fv2%2Ftags&post=5135"}],"curies":[{"name":"wp","href":"https:\/\/api.w.org\/{rel}","templated":true}]}}