{"id":5166,"date":"2023-08-08T19:34:30","date_gmt":"2023-08-08T22:34:30","guid":{"rendered":"https:\/\/blog.correios.com.br\/acordocoletivo\/?p=5166"},"modified":"2023-08-08T19:34:30","modified_gmt":"2023-08-08T22:34:30","slug":"sexta-reuniao-do-acordo-coletivo-de-trabalho-aborda-clausulas-sindicais-e-disposicoes-gerais","status":"publish","type":"post","link":"https:\/\/blog.correios.com.br\/acordocoletivo\/?p=5166","title":{"rendered":"Sexta reuni\u00e3o do Acordo Coletivo de Trabalho aborda cl\u00e1usulas sindicais e disposi\u00e7\u00f5es gerais"},"content":{"rendered":"\n<p> <\/p>\n\n\n\n<p>Os Correios realizaram, nesta ter\u00e7a-feira (8), a sexta reuni\u00e3o do Acordo Coletivo de Trabalho com a comiss\u00e3o de negocia\u00e7\u00e3o das federa\u00e7\u00f5es de representa\u00e7\u00e3o das empregadas e empregados. O presidente dos Correios, Fabiano Silva dos Santos, participou de parte da reuni\u00e3o e parabenizou a todas e a todos pelos trabalhos realizados para o Acordo Coletivo de Trabalho.<\/p>\n\n\n\n<p>A comiss\u00e3o de negocia\u00e7\u00e3o da empresa apresentou sugest\u00f5es para a manuten\u00e7\u00e3o de cl\u00e1usulas de negocia\u00e7\u00e3o coletiva, em que a estatal e as entidades sindicais se comprometem a discutir assuntos de interesse comum. A comiss\u00e3o tamb\u00e9m sugeriu a manuten\u00e7\u00e3o da libera\u00e7\u00e3o de dirigentes sindicais, com adequa\u00e7\u00f5es &#8211; por exemplo, que as libera\u00e7\u00f5es sem \u00f4nus para a empresa n\u00e3o caracterizem a suspens\u00e3o do contrato de trabalho.<\/p>\n\n\n\n<p>Outra proposta da empresa diz respeito ao acesso dos representantes de entidades sindicais \u00e0s depend\u00eancias dos Correios. De acordo com a sugest\u00e3o da estatal, as reuni\u00f5es ocorrer\u00e3o em comum acordo entre empresa e entidades sindicais durante a jornada de trabalho. Outra sugest\u00e3o dos Correios foi a exclus\u00e3o do par\u00e1grafo que impede o representante da empresa respons\u00e1vel pelas rela\u00e7\u00f5es do trabalho de acompanhar as reuni\u00f5es do sindicato.<\/p>\n\n\n\n<p>Com rela\u00e7\u00e3o \u00e0s disposi\u00e7\u00f5es gerais, a empresa prop\u00f4s a manuten\u00e7\u00e3o das seguintes cl\u00e1usulas: de acumula\u00e7\u00e3o de vantagens; do direito \u00e0 ampla defesa e da reserva de 10% das vagas a pessoas com defici\u00eancia e 20% para negras e negros no concurso p\u00fablico. Al\u00e9m disso, sugeriu o retorno das cl\u00e1usulas: de cursos e reuni\u00f5es obrigat\u00f3rias com adequa\u00e7\u00f5es; das que tratam os par\u00e2metros da PLR, com base na lei 10.101\/2000; de responsabilidade civil em acidente de trabalho; de concilia\u00e7\u00e3o de diverg\u00eancias e de processamento de consigna\u00e7\u00f5es em folha de pagamento, entre outras.<\/p>\n\n\n\n<p>A empresa se comprometeu a apresentar posteriormente uma sugest\u00e3o de proposta de cl\u00e1usula sobre o registro eletr\u00f4nico e uma an\u00e1lise das pondera\u00e7\u00f5es realizadas pelas federa\u00e7\u00f5es durante a reuni\u00e3o.<\/p>\n\n\n\n<p>Vale lembrar que as novas cl\u00e1usulas no ACT precisam ser aprovadas pela SEST.<\/p>\n\n\n\n<p>A s\u00e9tima reuni\u00e3o ser\u00e1 realizada nesta quarta-feira (9), e ter\u00e1 como tema Condi\u00e7\u00f5es de Trabalho.<\/p>\n","protected":false},"excerpt":{"rendered":"<p>Os Correios realizaram, nesta ter\u00e7a-feira (8), a sexta reuni\u00e3o do Acordo Coletivo de Trabalho com a comiss\u00e3o de negocia\u00e7\u00e3o das federa\u00e7\u00f5es de representa\u00e7\u00e3o das empregadas e empregados. O presidente dos Correios, Fabiano Silva dos Santos, participou de parte da reuni\u00e3o &hellip; <a href=\"https:\/\/blog.correios.com.br\/acordocoletivo\/?p=5166\">Continue lendo <span class=\"meta-nav\">&rarr;<\/span><\/a><\/p>\n","protected":false},"author":44,"featured_media":0,"comment_status":"closed","ping_status":"open","sticky":false,"template":"","format":"standard","meta":{"footnotes":""},"categories":[29],"tags":[],"class_list":["post-5166","post","type-post","status-publish","format-standard","hentry","category-negociacao-permanente"],"_links":{"self":[{"href":"https:\/\/blog.correios.com.br\/acordocoletivo\/index.php?rest_route=\/wp\/v2\/posts\/5166","targetHints":{"allow":["GET"]}}],"collection":[{"href":"https:\/\/blog.correios.com.br\/acordocoletivo\/index.php?rest_route=\/wp\/v2\/posts"}],"about":[{"href":"https:\/\/blog.correios.com.br\/acordocoletivo\/index.php?rest_route=\/wp\/v2\/types\/post"}],"author":[{"embeddable":true,"href":"https:\/\/blog.correios.com.br\/acordocoletivo\/index.php?rest_route=\/wp\/v2\/users\/44"}],"replies":[{"embeddable":true,"href":"https:\/\/blog.correios.com.br\/acordocoletivo\/index.php?rest_route=%2Fwp%2Fv2%2Fcomments&post=5166"}],"version-history":[{"count":1,"href":"https:\/\/blog.correios.com.br\/acordocoletivo\/index.php?rest_route=\/wp\/v2\/posts\/5166\/revisions"}],"predecessor-version":[{"id":5167,"href":"https:\/\/blog.correios.com.br\/acordocoletivo\/index.php?rest_route=\/wp\/v2\/posts\/5166\/revisions\/5167"}],"wp:attachment":[{"href":"https:\/\/blog.correios.com.br\/acordocoletivo\/index.php?rest_route=%2Fwp%2Fv2%2Fmedia&parent=5166"}],"wp:term":[{"taxonomy":"category","embeddable":true,"href":"https:\/\/blog.correios.com.br\/acordocoletivo\/index.php?rest_route=%2Fwp%2Fv2%2Fcategories&post=5166"},{"taxonomy":"post_tag","embeddable":true,"href":"https:\/\/blog.correios.com.br\/acordocoletivo\/index.php?rest_route=%2Fwp%2Fv2%2Ftags&post=5166"}],"curies":[{"name":"wp","href":"https:\/\/api.w.org\/{rel}","templated":true}]}}