{"id":5171,"date":"2023-08-09T20:11:15","date_gmt":"2023-08-09T23:11:15","guid":{"rendered":"https:\/\/blog.correios.com.br\/acordocoletivo\/?p=5171"},"modified":"2023-08-09T20:11:15","modified_gmt":"2023-08-09T23:11:15","slug":"condicoes-de-trabalho-sao-tema-da-setima-reuniao-do-acordo-coletivo","status":"publish","type":"post","link":"https:\/\/blog.correios.com.br\/acordocoletivo\/?p=5171","title":{"rendered":"<strong>Condi\u00e7\u00f5es de Trabalho s\u00e3o tema da s\u00e9tima reuni\u00e3o do Acordo Coletivo<\/strong>"},"content":{"rendered":"\n<p>Nesta quarta-feira (9), os Correios realizaram a s\u00e9tima reuni\u00e3o do Acordo Coletivo de Trabalho com a comiss\u00e3o de negocia\u00e7\u00e3o das federa\u00e7\u00f5es de representa\u00e7\u00e3o das empregadas e empregados. O tema foi Condi\u00e7\u00f5es de Trabalho e contou com a apresenta\u00e7\u00e3o das propostas por parte da empresa e as considera\u00e7\u00f5es das federa\u00e7\u00f5es.<\/p>\n\n\n\n<p>Na abertura da reuni\u00e3o, o diretor de Gest\u00e3o de Pessoas (DIGEP), Pedro Amengol, parabenizou o n\u00edvel do debate que vem sendo realizado, ressaltando o comprometimento e a busca de alternativas, tanto por parte da empresa quanto dos representantes das federa\u00e7\u00f5es, para a constru\u00e7\u00e3o de um Acordo Coletivo de Trabalho justo, depois do momento dif\u00edcil que os Correios viveram nos \u00faltimos anos. Destacou que, ap\u00f3s a retirada da estatal da lista de privatiza\u00e7\u00f5es pelo Presidente da Rep\u00fablica Luiz In\u00e1cio Lula da Silva, a empresa passa por um profundo processo de recupera\u00e7\u00e3o e fortalecimento conduzido pela gest\u00e3o do presidente Fabiano Silva dos Santos, al\u00e9m do retorno do di\u00e1logo com as federa\u00e7\u00f5es.<\/p>\n\n\n\n<p>A empresa apresentou cinco propostas sobre Condi\u00e7\u00f5es de Trabalho:<\/p>\n\n\n\n<p>1- Retorno da cl\u00e1usula Frota Operacional. A proposta estabelece que a empresa providenciar\u00e1 novos ve\u00edculos de carga com ar condicionado, dire\u00e7\u00e3o el\u00e9trica e vidro el\u00e9trico, considerando a vida \u00fatil de cada item da frota operacional;<\/p>\n\n\n\n<p>2 \u2013 Manuten\u00e7\u00e3o da cl\u00e1usula Distribui\u00e7\u00e3o Domicili\u00e1ria;<\/p>\n\n\n\n<p>3 \u2013 Manuten\u00e7\u00e3o da cl\u00e1usula Inova\u00e7\u00f5es Tecnol\u00f3gicas;<\/p>\n\n\n\n<p>4 \u2013 Manuten\u00e7\u00e3o da cl\u00e1usula Jornada de Trabalho nas Ag\u00eancias;<\/p>\n\n\n\n<p>5 \u2013 Manuten\u00e7\u00e3o da cl\u00e1usula de Redimensionamento de Carga.<\/p>\n\n\n\n<p>No decorrer da reuni\u00e3o, a empresa atendeu ao pedido das federa\u00e7\u00f5es e incluiu prontamente mais duas propostas que haviam sido suprimidas do acordo vigente:<\/p>\n\n\n\n<p>6 &#8211; Retorno da cl\u00e1usula Jornada de Trabalho para trabalhadores em terminais computadorizados;<\/p>\n\n\n\n<p>7 \u2013 Retorno da cl\u00e1usula Seguran\u00e7a na Empresa.<\/p>\n\n\n\n<p>Vale lembrar que as novas cl\u00e1usulas no ACT precisam ser aprovadas pela SEST. As sugest\u00f5es apresentadas pelas federa\u00e7\u00f5es durante a reuni\u00e3o ser\u00e3o avaliadas pela empresa.<\/p>\n\n\n\n<p>A oitava reuni\u00e3o ser\u00e1 realizada nesta quinta-feira (10) e ter\u00e1 como tema Sa\u00fade dos Empregados.<\/p>\n","protected":false},"excerpt":{"rendered":"<p>Nesta quarta-feira (9), os Correios realizaram a s\u00e9tima reuni\u00e3o do Acordo Coletivo de Trabalho com a comiss\u00e3o de negocia\u00e7\u00e3o das federa\u00e7\u00f5es de representa\u00e7\u00e3o das empregadas e empregados. O tema foi Condi\u00e7\u00f5es de Trabalho e contou com a apresenta\u00e7\u00e3o das propostas &hellip; <a href=\"https:\/\/blog.correios.com.br\/acordocoletivo\/?p=5171\">Continue lendo <span class=\"meta-nav\">&rarr;<\/span><\/a><\/p>\n","protected":false},"author":44,"featured_media":0,"comment_status":"closed","ping_status":"open","sticky":false,"template":"","format":"standard","meta":{"footnotes":""},"categories":[29],"tags":[],"class_list":["post-5171","post","type-post","status-publish","format-standard","hentry","category-negociacao-permanente"],"_links":{"self":[{"href":"https:\/\/blog.correios.com.br\/acordocoletivo\/index.php?rest_route=\/wp\/v2\/posts\/5171","targetHints":{"allow":["GET"]}}],"collection":[{"href":"https:\/\/blog.correios.com.br\/acordocoletivo\/index.php?rest_route=\/wp\/v2\/posts"}],"about":[{"href":"https:\/\/blog.correios.com.br\/acordocoletivo\/index.php?rest_route=\/wp\/v2\/types\/post"}],"author":[{"embeddable":true,"href":"https:\/\/blog.correios.com.br\/acordocoletivo\/index.php?rest_route=\/wp\/v2\/users\/44"}],"replies":[{"embeddable":true,"href":"https:\/\/blog.correios.com.br\/acordocoletivo\/index.php?rest_route=%2Fwp%2Fv2%2Fcomments&post=5171"}],"version-history":[{"count":1,"href":"https:\/\/blog.correios.com.br\/acordocoletivo\/index.php?rest_route=\/wp\/v2\/posts\/5171\/revisions"}],"predecessor-version":[{"id":5172,"href":"https:\/\/blog.correios.com.br\/acordocoletivo\/index.php?rest_route=\/wp\/v2\/posts\/5171\/revisions\/5172"}],"wp:attachment":[{"href":"https:\/\/blog.correios.com.br\/acordocoletivo\/index.php?rest_route=%2Fwp%2Fv2%2Fmedia&parent=5171"}],"wp:term":[{"taxonomy":"category","embeddable":true,"href":"https:\/\/blog.correios.com.br\/acordocoletivo\/index.php?rest_route=%2Fwp%2Fv2%2Fcategories&post=5171"},{"taxonomy":"post_tag","embeddable":true,"href":"https:\/\/blog.correios.com.br\/acordocoletivo\/index.php?rest_route=%2Fwp%2Fv2%2Ftags&post=5171"}],"curies":[{"name":"wp","href":"https:\/\/api.w.org\/{rel}","templated":true}]}}